{"id":6587,"date":"2016-03-15T01:25:54","date_gmt":"2016-03-15T01:25:54","guid":{"rendered":"https:\/\/armstrongyregion.com.ar\/diario\/?p=6587"},"modified":"2016-03-15T01:25:54","modified_gmt":"2016-03-15T01:25:54","slug":"condena-para-uno-de-los-autores-de-un-robo-calificado-en-canada-de-gomez","status":"publish","type":"post","link":"https:\/\/armstrongyregion.com.ar\/diario\/condena-para-uno-de-los-autores-de-un-robo-calificado-en-canada-de-gomez\/","title":{"rendered":"Condena para uno de los autores de un robo calificado en Ca\u00f1ada de G\u00f3mez."},"content":{"rendered":"<p><a href=\"http:\/\/armstrongyregion.com.ar\/diario\/wp-content\/uploads\/2016\/03\/Policiales-Ca\u00f1ada.jpg\"><img loading=\"lazy\" decoding=\"async\" class=\"alignnone size-medium wp-image-6588\" src=\"http:\/\/armstrongyregion.com.ar\/diario\/wp-content\/uploads\/2016\/03\/Policiales-Ca\u00f1ada-300x196.jpg\" alt=\"Policiales- Ca\u00f1ada\" width=\"300\" height=\"196\" srcset=\"https:\/\/armstrongyregion.com.ar\/diario\/wp-content\/uploads\/2016\/03\/Policiales-Ca\u00f1ada-300x196.jpg 300w, https:\/\/armstrongyregion.com.ar\/diario\/wp-content\/uploads\/2016\/03\/Policiales-Ca\u00f1ada.jpg 768w\" sizes=\"auto, (max-width: 300px) 100vw, 300px\" \/><\/a>Es uno de los j\u00f3venes apresados tras el violento robo sufrido por la familia de Marcelo de la Fuente a fines del a\u00f1o pasado fue sentenciado a cuatro a\u00f1os de prisi\u00f3n efectiva.<br \/>\nFUENTE: PERIODICO EL INFORME DE LA CIUDAD (CA\u00d1ADA DE GOMEZ)<br \/>\nEl d\u00eda martes pasado, el Tribunal Penal de Primera Instancia del Distrito Judicial 6 resolvi\u00f3 condenar a Luis Fernando Vega a cuatro a\u00f1os de prisi\u00f3n efectiva, accesorias legales y costas del proceso por la comisi\u00f3n de los delitos de Robo calificado en grado de tentativa y Encubrimiento agravado en concurso real y en calidad de autor.<br \/>\nA mediados del mes de noviembre de a\u00f1o 2015, en horas de la ma\u00f1ana, dos masculinos oriundos de Funes se hicieron presentes en nuestra ciudad, a bordo de un autom\u00f3vil Ford Fiesta. Al llegar a la intersecci\u00f3n de calles Bv. Balcarce y Maip\u00fa, uno de ellos atac\u00f3 a una mujer con un arma blanca, provoc\u00e1ndole lesiones en su rostro y cortes en el t\u00f3rax, le sustrajo su auto Citroen modelo C4 y se dio a la fuga, seguido por su c\u00f3mplice Luis Fernando Vega, que continu\u00f3 al mando del otro veh\u00edculo.<br \/>\nHabiendo tomado intervenci\u00f3n el personal policial local, tuvo lugar una persecuci\u00f3n a lo largo de la Autopista Nacional N\u00b09 que finaliz\u00f3 con un operativo cerrojo realizado por efectivos de tres Unidades Regionales -URX, URXVII y URII- en el barrio \u201cTierra de Sue\u00f1os II\u201d de la localidad de Rold\u00e1n, logr\u00e1ndose as\u00ed la detenci\u00f3n de Vega y su c\u00f3mplice.<br \/>\nFinalizada la investigaci\u00f3n penal preparatoria llevada a cabo por la Fiscal del MPA Dra. Ana Graciela Tulian, se pudo demostrar que el veh\u00edculo conducido por Luis Fernando Vega hab\u00eda sustra\u00eddo por personas de identidad desconocida mediante el uso de un arma de fuego a un matrimonio de la ciudad de Funes, 24 horas antes del hecho cometido en nuestra ciudad.<br \/>\nEn virtud de ello, la Fiscal Titular Dra. Natalia Benvenuto, el justiciable Vega y su Defensa T\u00e9cnica -Dr. \u00c1ngelo Rossini- arribaron a un acuerdo que dio lugar al Procedimiento Abreviado que finaliz\u00f3 con la condena a cuatro a\u00f1os de prisi\u00f3n dictada por el Juez Penal Dr. Jes\u00fas Rizzardi, por ser autor penalmente responsable de los delitos de Robo Calificado por el uso de arma en grado de tentativa y Encubrimiento agravado en concurso real.<\/p>\n","protected":false},"excerpt":{"rendered":"<p>Es uno de los j\u00f3venes apresados tras el violento robo sufrido por la familia de Marcelo de la Fuente a fines del a\u00f1o pasado fue sentenciado a cuatro a\u00f1os de prisi\u00f3n efectiva. FUENTE: PERIODICO EL INFORME DE LA CIUDAD (CA\u00d1ADA DE GOMEZ) El d\u00eda martes pasado, el Tribunal Penal de Primera Instancia del Distrito Judicial <a href=\"https:\/\/armstrongyregion.com.ar\/diario\/condena-para-uno-de-los-autores-de-un-robo-calificado-en-canada-de-gomez\/\" title=\"Read more\" >&#8230;<\/a><\/p>\n","protected":false},"author":2,"featured_media":6588,"comment_status":"open","ping_status":"open","sticky":false,"template":"","format":"standard","meta":{"_jetpack_memberships_contains_paid_content":false,"footnotes":"","jetpack_publicize_message":"","jetpack_publicize_feature_enabled":true,"jetpack_social_post_already_shared":false,"jetpack_social_options":{"image_generator_settings":{"template":"highway","default_image_id":0,"enabled":false},"version":2}},"categories":[1,2852,3],"tags":[33,160,2890,163,3563,19,15,42,161,192,1350],"class_list":["post-6587","post","type-post","status-publish","format-standard","has-post-thumbnail","hentry","category-diario-armstrong","category-policiales","category-region","tag-a","tag-autores","tag-calificado","tag-canada","tag-condenan","tag-de","tag-en","tag-los","tag-robo","tag-un","tag-uno"],"jetpack_publicize_connections":[],"jetpack_featured_media_url":"https:\/\/armstrongyregion.com.ar\/diario\/wp-content\/uploads\/2016\/03\/Policiales-Ca\u00f1ada.jpg","jetpack_shortlink":"https:\/\/wp.me\/p62QDO-1If","jetpack_sharing_enabled":true,"amp_enabled":true,"_links":{"self":[{"href":"https:\/\/armstrongyregion.com.ar\/diario\/wp-json\/wp\/v2\/posts\/6587","targetHints":{"allow":["GET"]}}],"collection":[{"href":"https:\/\/armstrongyregion.com.ar\/diario\/wp-json\/wp\/v2\/posts"}],"about":[{"href":"https:\/\/armstrongyregion.com.ar\/diario\/wp-json\/wp\/v2\/types\/post"}],"author":[{"embeddable":true,"href":"https:\/\/armstrongyregion.com.ar\/diario\/wp-json\/wp\/v2\/users\/2"}],"replies":[{"embeddable":true,"href":"https:\/\/armstrongyregion.com.ar\/diario\/wp-json\/wp\/v2\/comments?post=6587"}],"version-history":[{"count":0,"href":"https:\/\/armstrongyregion.com.ar\/diario\/wp-json\/wp\/v2\/posts\/6587\/revisions"}],"wp:featuredmedia":[{"embeddable":true,"href":"https:\/\/armstrongyregion.com.ar\/diario\/wp-json\/wp\/v2\/media\/6588"}],"wp:attachment":[{"href":"https:\/\/armstrongyregion.com.ar\/diario\/wp-json\/wp\/v2\/media?parent=6587"}],"wp:term":[{"taxonomy":"category","embeddable":true,"href":"https:\/\/armstrongyregion.com.ar\/diario\/wp-json\/wp\/v2\/categories?post=6587"},{"taxonomy":"post_tag","embeddable":true,"href":"https:\/\/armstrongyregion.com.ar\/diario\/wp-json\/wp\/v2\/tags?post=6587"}],"curies":[{"name":"wp","href":"https:\/\/api.w.org\/{rel}","templated":true}]}}