{"id":6584,"date":"2016-03-15T01:20:25","date_gmt":"2016-03-15T01:20:25","guid":{"rendered":"https:\/\/armstrongyregion.com.ar\/diario\/?p=6584"},"modified":"2016-03-15T01:20:25","modified_gmt":"2016-03-15T01:20:25","slug":"la-intendenta-clerici-abrio-las-sesiones-ordinarias-del-concejo-municipal","status":"publish","type":"post","link":"https:\/\/armstrongyregion.com.ar\/diario\/la-intendenta-clerici-abrio-las-sesiones-ordinarias-del-concejo-municipal\/","title":{"rendered":"La intendenta Clerici abrio las sesiones ordinarias del concejo municipal."},"content":{"rendered":"<p><a href=\"http:\/\/armstrongyregion.com.ar\/diario\/wp-content\/uploads\/2016\/03\/Clerici-1.jpg\"><img loading=\"lazy\" decoding=\"async\" class=\"alignnone size-medium wp-image-6585\" src=\"http:\/\/armstrongyregion.com.ar\/diario\/wp-content\/uploads\/2016\/03\/Clerici-1-300x197.jpg\" alt=\"Clerici-\" width=\"300\" height=\"197\" srcset=\"https:\/\/armstrongyregion.com.ar\/diario\/wp-content\/uploads\/2016\/03\/Clerici-1-300x197.jpg 300w, https:\/\/armstrongyregion.com.ar\/diario\/wp-content\/uploads\/2016\/03\/Clerici-1.jpg 768w\" sizes=\"auto, (max-width: 300px) 100vw, 300px\" \/><\/a>Sostenimiento de la obra p\u00fablica, solvencia fiscal, ampliaci\u00f3n de servicios y desarrollo educativo fueron su ejes. Hizo hincapi\u00e9 en \u201cel<br \/>\ndi\u00e1logo productivo y la construcci\u00f3n de consensos con todos los estamentos de gobierno, en beneficio de la comunidad\u201d.<\/p>\n<p>El Concejo Municipal dio inicio a sus sesiones ordinarias y como lo<br \/>\nestablece la ley org\u00e1nica de municipalidades, la titular del<br \/>\nDepartamento Ejecutivo Municipal brind\u00f3 un informe de gesti\u00f3n y traz\u00f3<br \/>\nlos ejes de sus principales pol\u00edticas de gobiernos en vistas a los<br \/>\npr\u00f3ximos meses del presente a\u00f1o.<br \/>\nEl sostenimiento de la obra p\u00fablica, la solidez y solvencia fiscal, la<br \/>\nextensi\u00f3n de servicios p\u00fablicos y la consolidaci\u00f3n de las pol\u00edticas<br \/>\np\u00fablicas en materia de educaci\u00f3n y cultura; fueron los principales ejes<br \/>\npor los transit\u00f3 el discurso de Stella Cl\u00e9rici.<br \/>\nEn materia de competencias provinciales y nacionales, la intendenta<br \/>\ndestac\u00f3 \u201clos consensos construidos\u201d para avanzar en materia de<br \/>\nseguridad, obras h\u00eddricas, entre otros pilares. Al respecto, mencion\u00f3<br \/>\ndos hechos recientemente anunciados; el avance en la implementaci\u00f3n del<br \/>\nsistema de emergencias 911 y la construcci\u00f3n del nuevo edificio de<br \/>\nTribunales, cuya concreci\u00f3n est\u00e1 m\u00e1s cerca debido a un fallo a favor de<br \/>\nla Corte Suprema.<br \/>\nPero \u201clos consensos y el di\u00e1logo productivo\u201d tambi\u00e9n se extienden al<br \/>\ninterior de la comunidad, donde se destacaron el fruct\u00edfero trabajo<br \/>\ndesde la intervecinal, as\u00ed como el constante trabajo junto a todas las<br \/>\ninstituciones intermedias y ONG`S.<br \/>\nLa mandataria inform\u00f3 sobre el estado de situaci\u00f3n de todos los frentes<br \/>\nde obras que hoy el municipio sostiene, entre ellos el Centro Integrador<br \/>\nComunitario, pero tambi\u00e9n inform\u00f3 sobre todas aquellas obras p\u00fablicas<br \/>\nque se habilitaron durante 2015, como son los playones polideportivos y<br \/>\npavimentos en los cuatro puntos de la ciudad. Por otro lado puntualiz\u00f3<br \/>\nque a diario se realizan las gestiones pertinentes para dar curso a<br \/>\nnuevos proyectos.<\/p>\n","protected":false},"excerpt":{"rendered":"<p>Sostenimiento de la obra p\u00fablica, solvencia fiscal, ampliaci\u00f3n de servicios y desarrollo educativo fueron su ejes. Hizo hincapi\u00e9 en \u201cel di\u00e1logo productivo y la construcci\u00f3n de consensos con todos los estamentos de gobierno, en beneficio de la comunidad\u201d. El Concejo Municipal dio inicio a sus sesiones ordinarias y como lo establece la ley org\u00e1nica de <a href=\"https:\/\/armstrongyregion.com.ar\/diario\/la-intendenta-clerici-abrio-las-sesiones-ordinarias-del-concejo-municipal\/\" title=\"Read more\" >&#8230;<\/a><\/p>\n","protected":false},"author":2,"featured_media":6585,"comment_status":"open","ping_status":"open","sticky":false,"template":"","format":"standard","meta":{"_jetpack_memberships_contains_paid_content":false,"footnotes":"","jetpack_publicize_message":"","jetpack_publicize_feature_enabled":true,"jetpack_social_post_already_shared":false,"jetpack_social_options":{"image_generator_settings":{"template":"highway","default_image_id":0,"enabled":false},"version":2}},"categories":[1,7,3],"tags":[1175,83,868,53,23,524,1022],"class_list":["post-6584","post","type-post","status-publish","format-standard","has-post-thumbnail","hentry","category-diario-armstrong","category-politica","category-region","tag-abrio","tag-clerici","tag-concejo","tag-del","tag-las","tag-municipal","tag-sesiones"],"jetpack_publicize_connections":[],"jetpack_featured_media_url":"https:\/\/armstrongyregion.com.ar\/diario\/wp-content\/uploads\/2016\/03\/Clerici-1.jpg","jetpack_shortlink":"https:\/\/wp.me\/p62QDO-1Ic","jetpack_sharing_enabled":true,"amp_enabled":true,"_links":{"self":[{"href":"https:\/\/armstrongyregion.com.ar\/diario\/wp-json\/wp\/v2\/posts\/6584","targetHints":{"allow":["GET"]}}],"collection":[{"href":"https:\/\/armstrongyregion.com.ar\/diario\/wp-json\/wp\/v2\/posts"}],"about":[{"href":"https:\/\/armstrongyregion.com.ar\/diario\/wp-json\/wp\/v2\/types\/post"}],"author":[{"embeddable":true,"href":"https:\/\/armstrongyregion.com.ar\/diario\/wp-json\/wp\/v2\/users\/2"}],"replies":[{"embeddable":true,"href":"https:\/\/armstrongyregion.com.ar\/diario\/wp-json\/wp\/v2\/comments?post=6584"}],"version-history":[{"count":0,"href":"https:\/\/armstrongyregion.com.ar\/diario\/wp-json\/wp\/v2\/posts\/6584\/revisions"}],"wp:featuredmedia":[{"embeddable":true,"href":"https:\/\/armstrongyregion.com.ar\/diario\/wp-json\/wp\/v2\/media\/6585"}],"wp:attachment":[{"href":"https:\/\/armstrongyregion.com.ar\/diario\/wp-json\/wp\/v2\/media?parent=6584"}],"wp:term":[{"taxonomy":"category","embeddable":true,"href":"https:\/\/armstrongyregion.com.ar\/diario\/wp-json\/wp\/v2\/categories?post=6584"},{"taxonomy":"post_tag","embeddable":true,"href":"https:\/\/armstrongyregion.com.ar\/diario\/wp-json\/wp\/v2\/tags?post=6584"}],"curies":[{"name":"wp","href":"https:\/\/api.w.org\/{rel}","templated":true}]}}