{"id":6573,"date":"2016-03-14T02:55:24","date_gmt":"2016-03-14T02:55:24","guid":{"rendered":"https:\/\/armstrongyregion.com.ar\/diario\/?p=6573"},"modified":"2016-03-14T03:02:16","modified_gmt":"2016-03-14T03:02:16","slug":"referentes-socialistas-se-reunieron-en-armstrong","status":"publish","type":"post","link":"https:\/\/armstrongyregion.com.ar\/diario\/referentes-socialistas-se-reunieron-en-armstrong\/","title":{"rendered":"Referentes Socialistas se reunieron en Armstrong."},"content":{"rendered":"<p><a href=\"http:\/\/armstrongyregion.com.ar\/diario\/wp-content\/uploads\/2016\/03\/DSC_0864.jpg\"><img loading=\"lazy\" decoding=\"async\" class=\"alignnone size-medium wp-image-6574\" src=\"http:\/\/armstrongyregion.com.ar\/diario\/wp-content\/uploads\/2016\/03\/DSC_0864-300x200.jpg\" alt=\"Miguel-Sol\u00eds-\" width=\"300\" height=\"200\" srcset=\"https:\/\/armstrongyregion.com.ar\/diario\/wp-content\/uploads\/2016\/03\/DSC_0864-300x200.jpg 300w, https:\/\/armstrongyregion.com.ar\/diario\/wp-content\/uploads\/2016\/03\/DSC_0864-1024x683.jpg 1024w\" sizes=\"auto, (max-width: 300px) 100vw, 300px\" \/><\/a>Referentes \u00a0Socialistas del departamento Belgrano se reunieron el s\u00e1bado 12 de marzo \u00a0por la ma\u00f1ana en el local del Partido en calle Pedro Ferrero intersecci\u00f3n Iraci.<\/p>\n<p>El Diputado Miguel Sol\u00eds en dialogo con nuestro medio, expres\u00f3 que estas reuniones est\u00e1n programadas de realizarse una vez al mes en distintas localidades del Departamento Belgrano con el fin de fortalecer los lazos y definir acciones concretas sobre el territorio.<\/p>\n<p>En este caso todas las localidades estuvieron representadas, menos la localidad de Las Rosas debido al conflicto con los empleados municipales.<\/p>\n<p>El diputado finaliz\u00f3, \u201cestamos trabajando e interioriz\u00e1ndonos de las diversas necesidades que presentan las instituciones de cada ciudad y sobre todo las prioridades de su gente trataremos de llegar a todos los rincones de nuestro departamento\u201d.<\/p>\n","protected":false},"excerpt":{"rendered":"<p>Referentes \u00a0Socialistas del departamento Belgrano se reunieron el s\u00e1bado 12 de marzo \u00a0por la ma\u00f1ana en el local del Partido en calle Pedro Ferrero intersecci\u00f3n Iraci. El Diputado Miguel Sol\u00eds en dialogo con nuestro medio, expres\u00f3 que estas reuniones est\u00e1n programadas de realizarse una vez al mes en distintas localidades del Departamento Belgrano con el <a href=\"https:\/\/armstrongyregion.com.ar\/diario\/referentes-socialistas-se-reunieron-en-armstrong\/\" title=\"Read more\" >&#8230;<\/a><\/p>\n","protected":false},"author":2,"featured_media":6574,"comment_status":"open","ping_status":"open","sticky":false,"template":"","format":"standard","meta":{"_jetpack_memberships_contains_paid_content":false,"footnotes":"","jetpack_publicize_message":"","jetpack_publicize_feature_enabled":true,"jetpack_social_post_already_shared":false,"jetpack_social_options":{"image_generator_settings":{"template":"highway","default_image_id":0,"enabled":false},"version":2}},"categories":[8,1,2,7,3],"tags":[20,15,1605,858,86,1711],"class_list":["post-6573","post","type-post","status-publish","format-standard","has-post-thumbnail","hentry","category-deliberando","category-diario-armstrong","category-locales","category-politica","category-region","tag-armstrong","tag-en","tag-referentes","tag-reunieron","tag-se","tag-socialistas"],"jetpack_publicize_connections":[],"jetpack_featured_media_url":"https:\/\/armstrongyregion.com.ar\/diario\/wp-content\/uploads\/2016\/03\/DSC_0864.jpg","jetpack_shortlink":"https:\/\/wp.me\/p62QDO-1I1","jetpack_sharing_enabled":true,"amp_enabled":true,"_links":{"self":[{"href":"https:\/\/armstrongyregion.com.ar\/diario\/wp-json\/wp\/v2\/posts\/6573","targetHints":{"allow":["GET"]}}],"collection":[{"href":"https:\/\/armstrongyregion.com.ar\/diario\/wp-json\/wp\/v2\/posts"}],"about":[{"href":"https:\/\/armstrongyregion.com.ar\/diario\/wp-json\/wp\/v2\/types\/post"}],"author":[{"embeddable":true,"href":"https:\/\/armstrongyregion.com.ar\/diario\/wp-json\/wp\/v2\/users\/2"}],"replies":[{"embeddable":true,"href":"https:\/\/armstrongyregion.com.ar\/diario\/wp-json\/wp\/v2\/comments?post=6573"}],"version-history":[{"count":0,"href":"https:\/\/armstrongyregion.com.ar\/diario\/wp-json\/wp\/v2\/posts\/6573\/revisions"}],"wp:featuredmedia":[{"embeddable":true,"href":"https:\/\/armstrongyregion.com.ar\/diario\/wp-json\/wp\/v2\/media\/6574"}],"wp:attachment":[{"href":"https:\/\/armstrongyregion.com.ar\/diario\/wp-json\/wp\/v2\/media?parent=6573"}],"wp:term":[{"taxonomy":"category","embeddable":true,"href":"https:\/\/armstrongyregion.com.ar\/diario\/wp-json\/wp\/v2\/categories?post=6573"},{"taxonomy":"post_tag","embeddable":true,"href":"https:\/\/armstrongyregion.com.ar\/diario\/wp-json\/wp\/v2\/tags?post=6573"}],"curies":[{"name":"wp","href":"https:\/\/api.w.org\/{rel}","templated":true}]}}