{"id":6545,"date":"2016-03-12T14:08:36","date_gmt":"2016-03-12T14:08:36","guid":{"rendered":"https:\/\/armstrongyregion.com.ar\/diario\/?p=6545"},"modified":"2016-03-12T14:08:36","modified_gmt":"2016-03-12T14:08:36","slug":"nueva-reunion-del-foro-de-intendentes-justicialistas-en-la-ciudad-de-santa-fe","status":"publish","type":"post","link":"https:\/\/armstrongyregion.com.ar\/diario\/nueva-reunion-del-foro-de-intendentes-justicialistas-en-la-ciudad-de-santa-fe\/","title":{"rendered":"Nueva Reuni\u00f3n del Foro de Intendentes Justicialistas en la ciudad de Santa Fe."},"content":{"rendered":"<p><a href=\"http:\/\/armstrongyregion.com.ar\/diario\/wp-content\/uploads\/2016\/03\/Compagnucci-.jpg\"><img loading=\"lazy\" decoding=\"async\" class=\"alignnone size-medium wp-image-6546\" src=\"http:\/\/armstrongyregion.com.ar\/diario\/wp-content\/uploads\/2016\/03\/Compagnucci--300x169.jpg\" alt=\"Compagnucci-\" width=\"300\" height=\"169\" srcset=\"https:\/\/armstrongyregion.com.ar\/diario\/wp-content\/uploads\/2016\/03\/Compagnucci--300x169.jpg 300w, https:\/\/armstrongyregion.com.ar\/diario\/wp-content\/uploads\/2016\/03\/Compagnucci-.jpg 768w\" sizes=\"auto, (max-width: 300px) 100vw, 300px\" \/><\/a>El Intendente de Las Parejas Horacio Compagnucci participo de una nueva reuni\u00f3n del Foro de Intendentes Justicialistas en la Ciudad de Santa Fe, en la misma compartieron una cena con el Gobernador de la Provincia Miguel Lifschitz donde abordaron temas comunes y afines a los distintos municipios provinciales. El Gobernador estuvo acompa\u00f1ado con parte de su Gabinete, como el Ministro de Gobierno y Reforma del Estado Dr. Pablo Far\u00edas, Ministro de Infraestructuras y Transporte Ing. Jos\u00e9 Garibay y dem\u00e1s Secretarios y Sub secretarios.<\/p>\n","protected":false},"excerpt":{"rendered":"<p>El Intendente de Las Parejas Horacio Compagnucci participo de una nueva reuni\u00f3n del Foro de Intendentes Justicialistas en la Ciudad de Santa Fe, en la misma compartieron una cena con el Gobernador de la Provincia Miguel Lifschitz donde abordaron temas comunes y afines a los distintos municipios provinciales. El Gobernador estuvo acompa\u00f1ado con parte de <a href=\"https:\/\/armstrongyregion.com.ar\/diario\/nueva-reunion-del-foro-de-intendentes-justicialistas-en-la-ciudad-de-santa-fe\/\" title=\"Read more\" >&#8230;<\/a><\/p>\n","protected":false},"author":2,"featured_media":6546,"comment_status":"open","ping_status":"open","sticky":false,"template":"","format":"standard","meta":{"_jetpack_memberships_contains_paid_content":false,"footnotes":"","jetpack_publicize_message":"","jetpack_publicize_feature_enabled":true,"jetpack_social_post_already_shared":false,"jetpack_social_options":{"image_generator_settings":{"template":"highway","default_image_id":0,"enabled":false},"version":2}},"categories":[1,2852,3],"tags":[19,1931,1746,462],"class_list":["post-6545","post","type-post","status-publish","format-standard","has-post-thumbnail","hentry","category-diario-armstrong","category-policiales","category-region","tag-de","tag-intendentes","tag-justicialistas","tag-reunion"],"jetpack_publicize_connections":[],"jetpack_featured_media_url":"https:\/\/armstrongyregion.com.ar\/diario\/wp-content\/uploads\/2016\/03\/Compagnucci-.jpg","jetpack_shortlink":"https:\/\/wp.me\/p62QDO-1Hz","jetpack_sharing_enabled":true,"amp_enabled":true,"_links":{"self":[{"href":"https:\/\/armstrongyregion.com.ar\/diario\/wp-json\/wp\/v2\/posts\/6545","targetHints":{"allow":["GET"]}}],"collection":[{"href":"https:\/\/armstrongyregion.com.ar\/diario\/wp-json\/wp\/v2\/posts"}],"about":[{"href":"https:\/\/armstrongyregion.com.ar\/diario\/wp-json\/wp\/v2\/types\/post"}],"author":[{"embeddable":true,"href":"https:\/\/armstrongyregion.com.ar\/diario\/wp-json\/wp\/v2\/users\/2"}],"replies":[{"embeddable":true,"href":"https:\/\/armstrongyregion.com.ar\/diario\/wp-json\/wp\/v2\/comments?post=6545"}],"version-history":[{"count":0,"href":"https:\/\/armstrongyregion.com.ar\/diario\/wp-json\/wp\/v2\/posts\/6545\/revisions"}],"wp:featuredmedia":[{"embeddable":true,"href":"https:\/\/armstrongyregion.com.ar\/diario\/wp-json\/wp\/v2\/media\/6546"}],"wp:attachment":[{"href":"https:\/\/armstrongyregion.com.ar\/diario\/wp-json\/wp\/v2\/media?parent=6545"}],"wp:term":[{"taxonomy":"category","embeddable":true,"href":"https:\/\/armstrongyregion.com.ar\/diario\/wp-json\/wp\/v2\/categories?post=6545"},{"taxonomy":"post_tag","embeddable":true,"href":"https:\/\/armstrongyregion.com.ar\/diario\/wp-json\/wp\/v2\/tags?post=6545"}],"curies":[{"name":"wp","href":"https:\/\/api.w.org\/{rel}","templated":true}]}}