{"id":6533,"date":"2016-03-10T20:50:31","date_gmt":"2016-03-10T20:50:31","guid":{"rendered":"https:\/\/armstrongyregion.com.ar\/diario\/?p=6533"},"modified":"2016-03-10T20:50:31","modified_gmt":"2016-03-10T20:50:31","slug":"el-viernes-11-de-marzo-no-habra-recoleccion-de-residuos","status":"publish","type":"post","link":"https:\/\/armstrongyregion.com.ar\/diario\/el-viernes-11-de-marzo-no-habra-recoleccion-de-residuos\/","title":{"rendered":"El viernes 11 de marzo no habr\u00e1 recolecci\u00f3n de residuos."},"content":{"rendered":"<p><a href=\"http:\/\/armstrongyregion.com.ar\/diario\/wp-content\/uploads\/2016\/03\/compactadorseptiembre.jpg\"><img loading=\"lazy\" decoding=\"async\" class=\"alignnone size-medium wp-image-6534\" src=\"http:\/\/armstrongyregion.com.ar\/diario\/wp-content\/uploads\/2016\/03\/compactadorseptiembre-300x169.jpg\" alt=\"compactadorseptiembre\" width=\"300\" height=\"169\" srcset=\"https:\/\/armstrongyregion.com.ar\/diario\/wp-content\/uploads\/2016\/03\/compactadorseptiembre-300x169.jpg 300w, https:\/\/armstrongyregion.com.ar\/diario\/wp-content\/uploads\/2016\/03\/compactadorseptiembre.jpg 960w\" sizes=\"auto, (max-width: 300px) 100vw, 300px\" \/><\/a>La Municipalidad de Armstrong informa que debido al paro provincial de empleados municipales previsto para el d\u00eda viernes 11 de marzo de 2016, no se habr\u00e1 recolecci\u00f3n de residuos domiciliarios.<br \/>\nDicha tarea se realizar\u00e1 el d\u00eda s\u00e1bado 12 de marzo en los horarios habituales.<\/p>\n","protected":false},"excerpt":{"rendered":"<p>La Municipalidad de Armstrong informa que debido al paro provincial de empleados municipales previsto para el d\u00eda viernes 11 de marzo de 2016, no se habr\u00e1 recolecci\u00f3n de residuos domiciliarios. Dicha tarea se realizar\u00e1 el d\u00eda s\u00e1bado 12 de marzo en los horarios habituales.<\/p>\n","protected":false},"author":2,"featured_media":6534,"comment_status":"open","ping_status":"open","sticky":false,"template":"","format":"standard","meta":{"_jetpack_memberships_contains_paid_content":false,"footnotes":"","jetpack_publicize_message":"","jetpack_publicize_feature_enabled":true,"jetpack_social_post_already_shared":false,"jetpack_social_options":{"image_generator_settings":{"template":"highway","default_image_id":0,"enabled":false},"version":2}},"categories":[1,2,3],"tags":[726,19,843,96,730,731,513],"class_list":["post-6533","post","type-post","status-publish","format-standard","has-post-thumbnail","hentry","category-diario-armstrong","category-locales","category-region","tag-726","tag-de","tag-habra","tag-no","tag-recoleccion","tag-residuos","tag-viernes"],"jetpack_publicize_connections":[],"jetpack_featured_media_url":"https:\/\/armstrongyregion.com.ar\/diario\/wp-content\/uploads\/2016\/03\/compactadorseptiembre.jpg","jetpack_shortlink":"https:\/\/wp.me\/p62QDO-1Hn","jetpack_sharing_enabled":true,"amp_enabled":true,"_links":{"self":[{"href":"https:\/\/armstrongyregion.com.ar\/diario\/wp-json\/wp\/v2\/posts\/6533","targetHints":{"allow":["GET"]}}],"collection":[{"href":"https:\/\/armstrongyregion.com.ar\/diario\/wp-json\/wp\/v2\/posts"}],"about":[{"href":"https:\/\/armstrongyregion.com.ar\/diario\/wp-json\/wp\/v2\/types\/post"}],"author":[{"embeddable":true,"href":"https:\/\/armstrongyregion.com.ar\/diario\/wp-json\/wp\/v2\/users\/2"}],"replies":[{"embeddable":true,"href":"https:\/\/armstrongyregion.com.ar\/diario\/wp-json\/wp\/v2\/comments?post=6533"}],"version-history":[{"count":0,"href":"https:\/\/armstrongyregion.com.ar\/diario\/wp-json\/wp\/v2\/posts\/6533\/revisions"}],"wp:featuredmedia":[{"embeddable":true,"href":"https:\/\/armstrongyregion.com.ar\/diario\/wp-json\/wp\/v2\/media\/6534"}],"wp:attachment":[{"href":"https:\/\/armstrongyregion.com.ar\/diario\/wp-json\/wp\/v2\/media?parent=6533"}],"wp:term":[{"taxonomy":"category","embeddable":true,"href":"https:\/\/armstrongyregion.com.ar\/diario\/wp-json\/wp\/v2\/categories?post=6533"},{"taxonomy":"post_tag","embeddable":true,"href":"https:\/\/armstrongyregion.com.ar\/diario\/wp-json\/wp\/v2\/tags?post=6533"}],"curies":[{"name":"wp","href":"https:\/\/api.w.org\/{rel}","templated":true}]}}