{"id":652,"date":"2015-01-31T11:35:33","date_gmt":"2015-01-31T11:35:33","guid":{"rendered":"https:\/\/armstrongyregion.com.ar\/diario\/?p=652"},"modified":"2015-01-31T11:47:30","modified_gmt":"2015-01-31T11:47:30","slug":"stella-cejas-acompanada-por-su-abogado-hugo-arganaraz-finalmente-llegaron-a-los-medios-nacionales","status":"publish","type":"post","link":"https:\/\/armstrongyregion.com.ar\/diario\/stella-cejas-acompanada-por-su-abogado-hugo-arganaraz-finalmente-llegaron-a-los-medios-nacionales\/","title":{"rendered":"Stella Cejas acompa\u00f1ada por su abogado Hugo Arga\u00f1araz finalmente llegaron a los medios nacionales."},"content":{"rendered":"<p><a href=\"http:\/\/armstrongyregion.com.ar\/diario\/wp-content\/uploads\/2015\/01\/10959525_10205143186917949_3995910545832833562_n.jpg\"><img loading=\"lazy\" decoding=\"async\" class=\"alignnone size-full wp-image-653\" src=\"http:\/\/armstrongyregion.com.ar\/diario\/wp-content\/uploads\/2015\/01\/10959525_10205143186917949_3995910545832833562_n.jpg\" alt=\"Caso Cejas\" width=\"229\" height=\"172\" \/><\/a>El pasado 30 de enero, Stella Cejas acompa\u00f1ada por su abogado el Dr. Hugo Arga\u00f1araz llegaron a los medios nacionales, participando del noticiero del canal porte\u00f1o C5N, entrevistados por Rodolfo Barilli, donde ofrecieron detalles del Caso Cejas, recordando que ayer se cumplieron diez meses de la desaparici\u00f3n del empresario.<br \/>\nTal como estaba previsto, se instalar\u00eda el tema en medios nacionales, previ\u00e9ndose una serie de notas en Cr\u00f3nica Tv, Canal 9 y otros espacios de noticias de Capital Federal.<\/p>\n","protected":false},"excerpt":{"rendered":"<p>El pasado 30 de enero, Stella Cejas acompa\u00f1ada por su abogado el Dr. Hugo Arga\u00f1araz llegaron a los medios nacionales, participando del noticiero del canal porte\u00f1o C5N, entrevistados por Rodolfo Barilli, donde ofrecieron detalles del Caso Cejas, recordando que ayer se cumplieron diez meses de la desaparici\u00f3n del empresario. Tal como estaba previsto, se instalar\u00eda <a href=\"https:\/\/armstrongyregion.com.ar\/diario\/stella-cejas-acompanada-por-su-abogado-hugo-arganaraz-finalmente-llegaron-a-los-medios-nacionales\/\" title=\"Read more\" >&#8230;<\/a><\/p>\n","protected":false},"author":2,"featured_media":653,"comment_status":"open","ping_status":"open","sticky":false,"template":"","format":"standard","meta":{"_jetpack_memberships_contains_paid_content":false,"footnotes":"","jetpack_publicize_message":"","jetpack_publicize_feature_enabled":true,"jetpack_social_post_already_shared":false,"jetpack_social_options":{"image_generator_settings":{"template":"highway","default_image_id":0,"enabled":false},"version":2}},"categories":[1,2,3],"tags":[33,645,644,647,274,648,646,649,42,650,651,60,280,35],"class_list":["post-652","post","type-post","status-publish","format-standard","has-post-thumbnail","hentry","category-diario-armstrong","category-locales","category-region","tag-a","tag-abogado","tag-acompana","tag-arganaraz","tag-cejas","tag-finalmente","tag-hugo","tag-llegaron","tag-los","tag-medios","tag-nacionales","tag-por","tag-stella","tag-su"],"jetpack_publicize_connections":[],"jetpack_featured_media_url":"https:\/\/armstrongyregion.com.ar\/diario\/wp-content\/uploads\/2015\/01\/10959525_10205143186917949_3995910545832833562_n.jpg","jetpack_shortlink":"https:\/\/wp.me\/p62QDO-aw","jetpack_sharing_enabled":true,"amp_enabled":true,"_links":{"self":[{"href":"https:\/\/armstrongyregion.com.ar\/diario\/wp-json\/wp\/v2\/posts\/652","targetHints":{"allow":["GET"]}}],"collection":[{"href":"https:\/\/armstrongyregion.com.ar\/diario\/wp-json\/wp\/v2\/posts"}],"about":[{"href":"https:\/\/armstrongyregion.com.ar\/diario\/wp-json\/wp\/v2\/types\/post"}],"author":[{"embeddable":true,"href":"https:\/\/armstrongyregion.com.ar\/diario\/wp-json\/wp\/v2\/users\/2"}],"replies":[{"embeddable":true,"href":"https:\/\/armstrongyregion.com.ar\/diario\/wp-json\/wp\/v2\/comments?post=652"}],"version-history":[{"count":0,"href":"https:\/\/armstrongyregion.com.ar\/diario\/wp-json\/wp\/v2\/posts\/652\/revisions"}],"wp:featuredmedia":[{"embeddable":true,"href":"https:\/\/armstrongyregion.com.ar\/diario\/wp-json\/wp\/v2\/media\/653"}],"wp:attachment":[{"href":"https:\/\/armstrongyregion.com.ar\/diario\/wp-json\/wp\/v2\/media?parent=652"}],"wp:term":[{"taxonomy":"category","embeddable":true,"href":"https:\/\/armstrongyregion.com.ar\/diario\/wp-json\/wp\/v2\/categories?post=652"},{"taxonomy":"post_tag","embeddable":true,"href":"https:\/\/armstrongyregion.com.ar\/diario\/wp-json\/wp\/v2\/tags?post=652"}],"curies":[{"name":"wp","href":"https:\/\/api.w.org\/{rel}","templated":true}]}}