{"id":6516,"date":"2016-03-10T12:21:35","date_gmt":"2016-03-10T12:21:35","guid":{"rendered":"https:\/\/armstrongyregion.com.ar\/diario\/?p=6516"},"modified":"2016-03-10T12:21:35","modified_gmt":"2016-03-10T12:21:35","slug":"armstrong-se-concreto-una-charla-sobre-linea-verde-de-creditos","status":"publish","type":"post","link":"https:\/\/armstrongyregion.com.ar\/diario\/armstrong-se-concreto-una-charla-sobre-linea-verde-de-creditos\/","title":{"rendered":"Armstrong. Se concret\u00f3 una charla sobre l\u00ednea verde de cr\u00e9ditos."},"content":{"rendered":"<p><a href=\"http:\/\/armstrongyregion.com.ar\/diario\/wp-content\/uploads\/2016\/03\/linea-verde-.jpg\"><img loading=\"lazy\" decoding=\"async\" class=\"alignnone size-medium wp-image-6517\" src=\"http:\/\/armstrongyregion.com.ar\/diario\/wp-content\/uploads\/2016\/03\/linea-verde--300x225.jpg\" alt=\"linea-verde-\" width=\"300\" height=\"225\" srcset=\"https:\/\/armstrongyregion.com.ar\/diario\/wp-content\/uploads\/2016\/03\/linea-verde--300x225.jpg 300w, https:\/\/armstrongyregion.com.ar\/diario\/wp-content\/uploads\/2016\/03\/linea-verde-.jpg 960w\" sizes=\"auto, (max-width: 300px) 100vw, 300px\" \/><\/a>En la ma\u00f1ana del mi\u00e9rcoles, en el sal\u00f3n Delmo Dar\u00f3 de la Municipalidad de Armstrong, se realiz\u00f3 una charla informativa sobre la L\u00ednea Verde de cr\u00e9ditos para la inversi\u00f3n productiva, \u00e9sta, es una iniciativa conjunta de la Secretar\u00eda de Estado de la Energ\u00eda de la Provincia y la Municipalidad de Rosario que se viabiliza a trav\u00e9s del Banco Municipal de Rosario.<\/p>\n<p><a href=\"http:\/\/armstrongyregion.com.ar\/diario\/wp-content\/uploads\/2016\/03\/Linea-verde1-.jpg\"><img loading=\"lazy\" decoding=\"async\" class=\"alignnone size-medium wp-image-6518\" src=\"http:\/\/armstrongyregion.com.ar\/diario\/wp-content\/uploads\/2016\/03\/Linea-verde1--300x225.jpg\" alt=\"Linea-verde1-\" width=\"300\" height=\"225\" srcset=\"https:\/\/armstrongyregion.com.ar\/diario\/wp-content\/uploads\/2016\/03\/Linea-verde1--300x225.jpg 300w, https:\/\/armstrongyregion.com.ar\/diario\/wp-content\/uploads\/2016\/03\/Linea-verde1-.jpg 960w\" sizes=\"auto, (max-width: 300px) 100vw, 300px\" \/><\/a>El intendente Dr. Pablo Verdecchia, le dio la bienvenida a los presentes interesados y a los disertantes referentes de cada instituci\u00f3n que expende dichos cr\u00e9ditos. El punto de partida es la pyme, pero incluye al productor y a las empresas de mayor envergadura.<\/p>\n<p>A trav\u00e9s de la L\u00ednea Verde se financian:<\/p>\n<p>Inversiones asociadas a la generaci\u00f3n de energ\u00eda renovable.<\/p>\n<p>Inversiones asociadas a la producci\u00f3n de equipos o partes componentes para la generaci\u00f3n de energ\u00eda renovable.<\/p>\n<p>Proyectos de eficiencia energ\u00e9tica en el sector industrial.<\/p>\n<p>La Secretar\u00eda de Estado de la Energ\u00eda, a trav\u00e9s de la Subsecretar\u00eda de Energ\u00edas Renovables, presta soporte y realiza la evaluaci\u00f3n t\u00e9cnica de los proyectos, los que una vez preseleccionados pueden presentarse ante el Banco para su tramitaci\u00f3n.<\/p>\n<p>Esta nueva opci\u00f3n de financiamiento accesible para empresas se enmarca dentro de una Estrategia Provincial de fomento para la implementaci\u00f3n de proyectos de energ\u00eda renovables y eficiencia energ\u00e9tica, constituye una herramienta de apoyo para seguir apostando al futuro con producci\u00f3n local, energ\u00edas limpias avanzando hacia un Desarrollo Sustentable.<\/p>\n<p>El cupo previsto para esta nueva edici\u00f3n es de $ 20.000.000 y se otorga a una tasa preferencial del 22% (tasa nominal anual), financiando el 80% del total del proyecto de inversi\u00f3n, hasta 42 meses, los primeros 6 gracia de capital y los restantes 36 capital e inter\u00e9s.<\/p>\n<p>M\u00ednimo por proyecto: $ 40.000. M\u00e1ximo por proyecto: $2.000.000<\/p>\n<p>El ingreso de la documentaci\u00f3n deber\u00e1 realizarse en la Secretar\u00eda de Estado de la Energ\u00eda antes del 31\/05\/16. Asimismo, la financiaci\u00f3n deber\u00e1 estar acordada con el Banco antes del 30\/06\/16.<\/p>\n<p>Notas y Fotograf\u00edas: Jorge Oliva.<\/p>\n<p>Edici\u00f3n: Armstrong y Region.<\/p>\n<p>&nbsp;<\/p>\n","protected":false},"excerpt":{"rendered":"<p>En la ma\u00f1ana del mi\u00e9rcoles, en el sal\u00f3n Delmo Dar\u00f3 de la Municipalidad de Armstrong, se realiz\u00f3 una charla informativa sobre la L\u00ednea Verde de cr\u00e9ditos para la inversi\u00f3n productiva, \u00e9sta, es una iniciativa conjunta de la Secretar\u00eda de Estado de la Energ\u00eda de la Provincia y la Municipalidad de Rosario que se viabiliza a <a href=\"https:\/\/armstrongyregion.com.ar\/diario\/armstrong-se-concreto-una-charla-sobre-linea-verde-de-creditos\/\" title=\"Read more\" >&#8230;<\/a><\/p>\n","protected":false},"author":2,"featured_media":6517,"comment_status":"open","ping_status":"open","sticky":false,"template":"","format":"standard","meta":{"_jetpack_memberships_contains_paid_content":false,"footnotes":"","jetpack_publicize_message":"","jetpack_publicize_feature_enabled":true,"jetpack_social_post_already_shared":false,"jetpack_social_options":{"image_generator_settings":{"template":"highway","default_image_id":0,"enabled":false},"version":2}},"categories":[1,2,7,3],"tags":[20,432,1916,19,2306,118,3553],"class_list":["post-6516","post","type-post","status-publish","format-standard","has-post-thumbnail","hentry","category-diario-armstrong","category-locales","category-politica","category-region","tag-armstrong","tag-charla","tag-creditos","tag-de","tag-linea","tag-sobre","tag-verde"],"jetpack_publicize_connections":[],"jetpack_featured_media_url":"https:\/\/armstrongyregion.com.ar\/diario\/wp-content\/uploads\/2016\/03\/linea-verde-.jpg","jetpack_shortlink":"https:\/\/wp.me\/p62QDO-1H6","jetpack_sharing_enabled":true,"amp_enabled":true,"_links":{"self":[{"href":"https:\/\/armstrongyregion.com.ar\/diario\/wp-json\/wp\/v2\/posts\/6516","targetHints":{"allow":["GET"]}}],"collection":[{"href":"https:\/\/armstrongyregion.com.ar\/diario\/wp-json\/wp\/v2\/posts"}],"about":[{"href":"https:\/\/armstrongyregion.com.ar\/diario\/wp-json\/wp\/v2\/types\/post"}],"author":[{"embeddable":true,"href":"https:\/\/armstrongyregion.com.ar\/diario\/wp-json\/wp\/v2\/users\/2"}],"replies":[{"embeddable":true,"href":"https:\/\/armstrongyregion.com.ar\/diario\/wp-json\/wp\/v2\/comments?post=6516"}],"version-history":[{"count":0,"href":"https:\/\/armstrongyregion.com.ar\/diario\/wp-json\/wp\/v2\/posts\/6516\/revisions"}],"wp:featuredmedia":[{"embeddable":true,"href":"https:\/\/armstrongyregion.com.ar\/diario\/wp-json\/wp\/v2\/media\/6517"}],"wp:attachment":[{"href":"https:\/\/armstrongyregion.com.ar\/diario\/wp-json\/wp\/v2\/media?parent=6516"}],"wp:term":[{"taxonomy":"category","embeddable":true,"href":"https:\/\/armstrongyregion.com.ar\/diario\/wp-json\/wp\/v2\/categories?post=6516"},{"taxonomy":"post_tag","embeddable":true,"href":"https:\/\/armstrongyregion.com.ar\/diario\/wp-json\/wp\/v2\/tags?post=6516"}],"curies":[{"name":"wp","href":"https:\/\/api.w.org\/{rel}","templated":true}]}}