{"id":6484,"date":"2016-03-09T11:48:51","date_gmt":"2016-03-09T11:48:51","guid":{"rendered":"https:\/\/armstrongyregion.com.ar\/diario\/?p=6484"},"modified":"2016-03-09T11:51:12","modified_gmt":"2016-03-09T11:51:12","slug":"gerlero-los-ejes-del-ministerio-son-trabajar-por-una-mejor-calidad-educativa-con-inclusion","status":"publish","type":"post","link":"https:\/\/armstrongyregion.com.ar\/diario\/gerlero-los-ejes-del-ministerio-son-trabajar-por-una-mejor-calidad-educativa-con-inclusion\/","title":{"rendered":"Gerlero; \u201cLos ejes del Ministerio son trabajar por una mejor calidad educativa con inclusi\u00f3n\u00bb."},"content":{"rendered":"<p><a href=\"http:\/\/armstrongyregion.com.ar\/diario\/wp-content\/uploads\/2016\/03\/Carina-Gerlero.jpg\"><img loading=\"lazy\" decoding=\"async\" class=\"alignnone size-medium wp-image-6485\" src=\"http:\/\/armstrongyregion.com.ar\/diario\/wp-content\/uploads\/2016\/03\/Carina-Gerlero-300x196.jpg\" alt=\"Carina-Gerlero\" width=\"300\" height=\"196\" srcset=\"https:\/\/armstrongyregion.com.ar\/diario\/wp-content\/uploads\/2016\/03\/Carina-Gerlero-300x196.jpg 300w, https:\/\/armstrongyregion.com.ar\/diario\/wp-content\/uploads\/2016\/03\/Carina-Gerlero.jpg 768w\" sizes=\"auto, (max-width: 300px) 100vw, 300px\" \/><\/a>La Secret. de Planificaci\u00f3n y Articulaci\u00f3n Educativa del Ministerio de Educ. de la provincia, Carina Gerlero, particip\u00f3 en representaci\u00f3n de la ministra Balague, en el acto de apertura del ciclo lectivo 2016, realizado en la Escuela Normal Superior Dr. Mariano Moreno de nuestra ciudad.<\/p>\n<p>La funcionaria nos dec\u00eda, \u201cEstamos acompa\u00f1ando este inicio de clases con gran alegr\u00eda, como siempre en esta instancia, se proponen nuevos desaf\u00edos que tienen que ver con los ejes del Ministerio; ellos \u00a0son trabajar por una mejor calidad educativa con inclusi\u00f3n para todos los ciudadanos santafecinos, donde nos interesa el v\u00ednculo de la escuela con el contexto\u201d.<\/p>\n<p>Con respecto a las paritarias nos dec\u00eda, \u201cSe han podido hacer esfuerzos importantes, donde el porcentaje ya excede el 35% del cargo testigo, ha habido una aceptaci\u00f3n de esta propuesta por parte de los gremios, as\u00ed que esperamos que esto lleve a tener un cursado normal de clases\u201d.<\/p>\n","protected":false},"excerpt":{"rendered":"<p>La Secret. de Planificaci\u00f3n y Articulaci\u00f3n Educativa del Ministerio de Educ. de la provincia, Carina Gerlero, particip\u00f3 en representaci\u00f3n de la ministra Balague, en el acto de apertura del ciclo lectivo 2016, realizado en la Escuela Normal Superior Dr. Mariano Moreno de nuestra ciudad. La funcionaria nos dec\u00eda, \u201cEstamos acompa\u00f1ando este inicio de clases con <a href=\"https:\/\/armstrongyregion.com.ar\/diario\/gerlero-los-ejes-del-ministerio-son-trabajar-por-una-mejor-calidad-educativa-con-inclusion\/\" title=\"Read more\" >&#8230;<\/a><\/p>\n","protected":false},"author":2,"featured_media":6485,"comment_status":"open","ping_status":"open","sticky":false,"template":"","format":"standard","meta":{"_jetpack_memberships_contains_paid_content":false,"footnotes":"","jetpack_publicize_message":"","jetpack_publicize_feature_enabled":true,"jetpack_social_post_already_shared":false,"jetpack_social_options":{"image_generator_settings":{"template":"highway","default_image_id":0,"enabled":false},"version":2}},"categories":[6,1,2,3],"tags":[1845,19,53,3546,3545,1569,42,860,1249],"class_list":["post-6484","post","type-post","status-publish","format-standard","has-post-thumbnail","hentry","category-cultura-entretenimiento","category-diario-armstrong","category-locales","category-region","tag-educacion","tag-de","tag-del","tag-ejes","tag-gerlero","tag-inclusion","tag-los","tag-ministerio","tag-son"],"jetpack_publicize_connections":[],"jetpack_featured_media_url":"https:\/\/armstrongyregion.com.ar\/diario\/wp-content\/uploads\/2016\/03\/Carina-Gerlero.jpg","jetpack_shortlink":"https:\/\/wp.me\/p62QDO-1GA","jetpack_sharing_enabled":true,"amp_enabled":true,"_links":{"self":[{"href":"https:\/\/armstrongyregion.com.ar\/diario\/wp-json\/wp\/v2\/posts\/6484","targetHints":{"allow":["GET"]}}],"collection":[{"href":"https:\/\/armstrongyregion.com.ar\/diario\/wp-json\/wp\/v2\/posts"}],"about":[{"href":"https:\/\/armstrongyregion.com.ar\/diario\/wp-json\/wp\/v2\/types\/post"}],"author":[{"embeddable":true,"href":"https:\/\/armstrongyregion.com.ar\/diario\/wp-json\/wp\/v2\/users\/2"}],"replies":[{"embeddable":true,"href":"https:\/\/armstrongyregion.com.ar\/diario\/wp-json\/wp\/v2\/comments?post=6484"}],"version-history":[{"count":0,"href":"https:\/\/armstrongyregion.com.ar\/diario\/wp-json\/wp\/v2\/posts\/6484\/revisions"}],"wp:featuredmedia":[{"embeddable":true,"href":"https:\/\/armstrongyregion.com.ar\/diario\/wp-json\/wp\/v2\/media\/6485"}],"wp:attachment":[{"href":"https:\/\/armstrongyregion.com.ar\/diario\/wp-json\/wp\/v2\/media?parent=6484"}],"wp:term":[{"taxonomy":"category","embeddable":true,"href":"https:\/\/armstrongyregion.com.ar\/diario\/wp-json\/wp\/v2\/categories?post=6484"},{"taxonomy":"post_tag","embeddable":true,"href":"https:\/\/armstrongyregion.com.ar\/diario\/wp-json\/wp\/v2\/tags?post=6484"}],"curies":[{"name":"wp","href":"https:\/\/api.w.org\/{rel}","templated":true}]}}