{"id":6475,"date":"2016-03-08T12:34:40","date_gmt":"2016-03-08T12:34:40","guid":{"rendered":"https:\/\/armstrongyregion.com.ar\/diario\/?p=6475"},"modified":"2016-03-08T12:34:40","modified_gmt":"2016-03-08T12:34:40","slug":"armstrong-inicio-lectivo-de-clases-con-autoridades-provinciales","status":"publish","type":"post","link":"https:\/\/armstrongyregion.com.ar\/diario\/armstrong-inicio-lectivo-de-clases-con-autoridades-provinciales\/","title":{"rendered":"Armstrong. Inicio Lectivo de Clases con autoridades provinciales."},"content":{"rendered":"<p><a href=\"http:\/\/armstrongyregion.com.ar\/diario\/wp-content\/uploads\/2016\/03\/DSC_0777.jpg\"><img loading=\"lazy\" decoding=\"async\" class=\"alignnone size-medium wp-image-6476\" src=\"http:\/\/armstrongyregion.com.ar\/diario\/wp-content\/uploads\/2016\/03\/DSC_0777-300x200.jpg\" alt=\"Claudio-Gerleto-\" width=\"300\" height=\"200\" srcset=\"https:\/\/armstrongyregion.com.ar\/diario\/wp-content\/uploads\/2016\/03\/DSC_0777-300x200.jpg 300w, https:\/\/armstrongyregion.com.ar\/diario\/wp-content\/uploads\/2016\/03\/DSC_0777-1024x683.jpg 1024w\" sizes=\"auto, (max-width: 300px) 100vw, 300px\" \/><\/a>El d\u00eda lunes 7 de marzo, a partir de las 19hs, se realiz\u00f3 un acto por el inicio del Ciclo Lectivo Nivel Secundario en el edificio de la Esc. Normal Superior Nro. 33 de Armstrong, \u00a0en representaci\u00f3n de la Ministra de Educaci\u00f3n de la Provincia, Dra. Claudia Balague, estuvo presente la Secretaria de Planificaci\u00f3n y Articulaci\u00f3n Educativa, Claudia Gerlero, el Delegado de la Regi\u00f3n V de Educaci\u00f3n Lic. Mario Ramos, \u00a0el Diputado Provincial Miguel Solis, el senador del Dto. Iriondo Hugo Rasetto, Senadora Suplente Dto. Belgrano Erica Molteni, el intendente local Dr. Pablo Verdecchia entre otras autoridades, junto al personal directivo y docentes de las instituciones que comparten el Edificio Escolar.<\/p>\n<p>Este \u00a0hecho hist\u00f3rico para la comunidad educativa de la instituci\u00f3n, la ciudad y la regi\u00f3n le dio la bienvenida a un ciclo de mucho debate, di\u00e1logo y consenso.<\/p>\n","protected":false},"excerpt":{"rendered":"<p>El d\u00eda lunes 7 de marzo, a partir de las 19hs, se realiz\u00f3 un acto por el inicio del Ciclo Lectivo Nivel Secundario en el edificio de la Esc. Normal Superior Nro. 33 de Armstrong, \u00a0en representaci\u00f3n de la Ministra de Educaci\u00f3n de la Provincia, Dra. Claudia Balague, estuvo presente la Secretaria de Planificaci\u00f3n y <a href=\"https:\/\/armstrongyregion.com.ar\/diario\/armstrong-inicio-lectivo-de-clases-con-autoridades-provinciales\/\" title=\"Read more\" >&#8230;<\/a><\/p>\n","protected":false},"author":2,"featured_media":6476,"comment_status":"open","ping_status":"open","sticky":false,"template":"","format":"standard","meta":{"_jetpack_memberships_contains_paid_content":false,"footnotes":"","jetpack_publicize_message":"","jetpack_publicize_feature_enabled":true,"jetpack_social_post_already_shared":false,"jetpack_social_options":{"image_generator_settings":{"template":"highway","default_image_id":0,"enabled":false},"version":2}},"categories":[6,1,2,3],"tags":[857,1027,100,19,174,3435,748],"class_list":["post-6475","post","type-post","status-publish","format-standard","has-post-thumbnail","hentry","category-cultura-entretenimiento","category-diario-armstrong","category-locales","category-region","tag-autoridades","tag-clases","tag-con","tag-de","tag-inicio","tag-lectivo","tag-provinciales"],"jetpack_publicize_connections":[],"jetpack_featured_media_url":"https:\/\/armstrongyregion.com.ar\/diario\/wp-content\/uploads\/2016\/03\/DSC_0777.jpg","jetpack_shortlink":"https:\/\/wp.me\/p62QDO-1Gr","jetpack_sharing_enabled":true,"amp_enabled":true,"_links":{"self":[{"href":"https:\/\/armstrongyregion.com.ar\/diario\/wp-json\/wp\/v2\/posts\/6475","targetHints":{"allow":["GET"]}}],"collection":[{"href":"https:\/\/armstrongyregion.com.ar\/diario\/wp-json\/wp\/v2\/posts"}],"about":[{"href":"https:\/\/armstrongyregion.com.ar\/diario\/wp-json\/wp\/v2\/types\/post"}],"author":[{"embeddable":true,"href":"https:\/\/armstrongyregion.com.ar\/diario\/wp-json\/wp\/v2\/users\/2"}],"replies":[{"embeddable":true,"href":"https:\/\/armstrongyregion.com.ar\/diario\/wp-json\/wp\/v2\/comments?post=6475"}],"version-history":[{"count":0,"href":"https:\/\/armstrongyregion.com.ar\/diario\/wp-json\/wp\/v2\/posts\/6475\/revisions"}],"wp:featuredmedia":[{"embeddable":true,"href":"https:\/\/armstrongyregion.com.ar\/diario\/wp-json\/wp\/v2\/media\/6476"}],"wp:attachment":[{"href":"https:\/\/armstrongyregion.com.ar\/diario\/wp-json\/wp\/v2\/media?parent=6475"}],"wp:term":[{"taxonomy":"category","embeddable":true,"href":"https:\/\/armstrongyregion.com.ar\/diario\/wp-json\/wp\/v2\/categories?post=6475"},{"taxonomy":"post_tag","embeddable":true,"href":"https:\/\/armstrongyregion.com.ar\/diario\/wp-json\/wp\/v2\/tags?post=6475"}],"curies":[{"name":"wp","href":"https:\/\/api.w.org\/{rel}","templated":true}]}}