{"id":6454,"date":"2016-03-07T19:47:33","date_gmt":"2016-03-07T19:47:33","guid":{"rendered":"https:\/\/armstrongyregion.com.ar\/diario\/?p=6454"},"modified":"2016-03-07T19:47:33","modified_gmt":"2016-03-07T19:47:33","slug":"la-ministra-de-educacion-estara-presente-en-el-inicio-del-ciclo-lectivo-nivel-secundario","status":"publish","type":"post","link":"https:\/\/armstrongyregion.com.ar\/diario\/la-ministra-de-educacion-estara-presente-en-el-inicio-del-ciclo-lectivo-nivel-secundario\/","title":{"rendered":"La Ministra de Educaci\u00f3n estar\u00e1 presente en el inicio del Ciclo Lectivo Nivel Secundario."},"content":{"rendered":"<p><a href=\"http:\/\/armstrongyregion.com.ar\/diario\/wp-content\/uploads\/2016\/03\/Claudia-Balague-.jpg\"><img loading=\"lazy\" decoding=\"async\" class=\"alignnone size-medium wp-image-6455\" src=\"http:\/\/armstrongyregion.com.ar\/diario\/wp-content\/uploads\/2016\/03\/Claudia-Balague--300x178.jpg\" alt=\"Claudia-Balague-\" width=\"300\" height=\"178\" srcset=\"https:\/\/armstrongyregion.com.ar\/diario\/wp-content\/uploads\/2016\/03\/Claudia-Balague--300x178.jpg 300w, https:\/\/armstrongyregion.com.ar\/diario\/wp-content\/uploads\/2016\/03\/Claudia-Balague-.jpg 768w\" sizes=\"auto, (max-width: 300px) 100vw, 300px\" \/><\/a>A trav\u00e9s de este medio se invita a participar\u00a0 del inicio del Ciclo Lectivo Nivel Secundario que se llevara a cabo este lunes a las 19 hs. en el edificio de la Esc. Normal Superior Nro. 33 de Armstrong, con la presencia de la Ministra de Educaci\u00f3n de la Provincia, Dra. Claudia Balague, el Delegado de la Regi\u00f3n V de Educaci\u00f3n Lic. Mario Ramos\u00a0 y el Diputado Provincial Miguel Solis, entre otras autoridades, junto al personal directivo y docentes de las instituciones que comparten el Edificio Escolar. Este es \u00a0un hecho hist\u00f3rico para la comunidad educativa de la instituci\u00f3n, la ciudad y la regi\u00f3n.<\/p>\n","protected":false},"excerpt":{"rendered":"<p>A trav\u00e9s de este medio se invita a participar\u00a0 del inicio del Ciclo Lectivo Nivel Secundario que se llevara a cabo este lunes a las 19 hs. en el edificio de la Esc. Normal Superior Nro. 33 de Armstrong, con la presencia de la Ministra de Educaci\u00f3n de la Provincia, Dra. Claudia Balague, el Delegado <a href=\"https:\/\/armstrongyregion.com.ar\/diario\/la-ministra-de-educacion-estara-presente-en-el-inicio-del-ciclo-lectivo-nivel-secundario\/\" title=\"Read more\" >&#8230;<\/a><\/p>\n","protected":false},"author":2,"featured_media":6455,"comment_status":"open","ping_status":"open","sticky":false,"template":"","format":"standard","meta":{"_jetpack_memberships_contains_paid_content":false,"footnotes":"","jetpack_publicize_message":"","jetpack_publicize_feature_enabled":true,"jetpack_social_post_already_shared":false,"jetpack_social_options":{"image_generator_settings":{"template":"highway","default_image_id":0,"enabled":false},"version":2}},"categories":[6,1,2,3],"tags":[20,3537,699,19,15,174,3435,3478,556],"class_list":["post-6454","post","type-post","status-publish","format-standard","has-post-thumbnail","hentry","category-cultura-entretenimiento","category-diario-armstrong","category-locales","category-region","tag-armstrong","tag-balague","tag-ciclo","tag-de","tag-en","tag-inicio","tag-lectivo","tag-ministra","tag-presente"],"jetpack_publicize_connections":[],"jetpack_featured_media_url":"https:\/\/armstrongyregion.com.ar\/diario\/wp-content\/uploads\/2016\/03\/Claudia-Balague-.jpg","jetpack_shortlink":"https:\/\/wp.me\/p62QDO-1G6","jetpack_sharing_enabled":true,"amp_enabled":true,"_links":{"self":[{"href":"https:\/\/armstrongyregion.com.ar\/diario\/wp-json\/wp\/v2\/posts\/6454","targetHints":{"allow":["GET"]}}],"collection":[{"href":"https:\/\/armstrongyregion.com.ar\/diario\/wp-json\/wp\/v2\/posts"}],"about":[{"href":"https:\/\/armstrongyregion.com.ar\/diario\/wp-json\/wp\/v2\/types\/post"}],"author":[{"embeddable":true,"href":"https:\/\/armstrongyregion.com.ar\/diario\/wp-json\/wp\/v2\/users\/2"}],"replies":[{"embeddable":true,"href":"https:\/\/armstrongyregion.com.ar\/diario\/wp-json\/wp\/v2\/comments?post=6454"}],"version-history":[{"count":0,"href":"https:\/\/armstrongyregion.com.ar\/diario\/wp-json\/wp\/v2\/posts\/6454\/revisions"}],"wp:featuredmedia":[{"embeddable":true,"href":"https:\/\/armstrongyregion.com.ar\/diario\/wp-json\/wp\/v2\/media\/6455"}],"wp:attachment":[{"href":"https:\/\/armstrongyregion.com.ar\/diario\/wp-json\/wp\/v2\/media?parent=6454"}],"wp:term":[{"taxonomy":"category","embeddable":true,"href":"https:\/\/armstrongyregion.com.ar\/diario\/wp-json\/wp\/v2\/categories?post=6454"},{"taxonomy":"post_tag","embeddable":true,"href":"https:\/\/armstrongyregion.com.ar\/diario\/wp-json\/wp\/v2\/tags?post=6454"}],"curies":[{"name":"wp","href":"https:\/\/api.w.org\/{rel}","templated":true}]}}