{"id":6428,"date":"2016-03-05T15:26:57","date_gmt":"2016-03-05T15:26:57","guid":{"rendered":"https:\/\/armstrongyregion.com.ar\/diario\/?p=6428"},"modified":"2016-03-05T15:26:57","modified_gmt":"2016-03-05T15:26:57","slug":"encuentro-de-clerici-con-pullaro-por-en-funcionamiento-del-911","status":"publish","type":"post","link":"https:\/\/armstrongyregion.com.ar\/diario\/encuentro-de-clerici-con-pullaro-por-en-funcionamiento-del-911\/","title":{"rendered":"Encuentro de Clerici con Pullaro por en funcionamiento del 911."},"content":{"rendered":"<p><a href=\"http:\/\/armstrongyregion.com.ar\/diario\/wp-content\/uploads\/2016\/03\/Luis-Leiva-.jpg\"><img loading=\"lazy\" decoding=\"async\" class=\"alignnone size-medium wp-image-6429\" src=\"http:\/\/armstrongyregion.com.ar\/diario\/wp-content\/uploads\/2016\/03\/Luis-Leiva--300x174.jpg\" alt=\"Luis-Leiva-\" width=\"300\" height=\"174\" srcset=\"https:\/\/armstrongyregion.com.ar\/diario\/wp-content\/uploads\/2016\/03\/Luis-Leiva--300x174.jpg 300w, https:\/\/armstrongyregion.com.ar\/diario\/wp-content\/uploads\/2016\/03\/Luis-Leiva-.jpg 768w\" sizes=\"auto, (max-width: 300px) 100vw, 300px\" \/><\/a>La mandataria obtuvo el compromiso para que se implemente desde abril en espacio cedido por el municipio. Sobre el monitoreo de las c\u00e1maras, autoridades municipales expresaron: \u201cPese al compromiso del senador, no obtuvimos una respuesta favorable del ministro de seguridad\u201d.<br \/>\nLa intendenta Stella Cl\u00e9rici acompa\u00f1ada de parte de su equipo de gobierno se reuni\u00f3 con el ministro de Seguridad Maximiliano Pullaro y como resultado del encuentro obtuvo el compromiso de que en el mes de abril comenzar\u00e1 a funcionar el 911 en nuestra ciudad.<br \/>\nEstar\u00e1 ubicado en un espacio cedido por el municipio en Sarmiento y 7 de octubre luego de que se firme el convenio correspondiente la pr\u00f3xima semana. Del encuentro participaron adem\u00e1s el secretario de Gobierno Juan Carlos Tocalli y el coordinador de Seguridad Luis Leiva acompa\u00f1ados por vecinalistas.<br \/>\n\u201cEstamos muy contentos por este gran avance, luego de distintas gestiones llevadas a cabo para garantizar el funcionamiento del 911 en nuestra ciudad\u201d, expres\u00f3 la intendenta Cl\u00e9rici. Otro de los temas puestos en agenda fue el monitoreo de las c\u00e1maras de seguridad, aspecto en el que Tocalli destac\u00f3: \u201cPese al compromiso del senador Hugo Rasetto, no hemos obtenido una respuesta favorable por parte de Pullaro. Esperemos que el senador cumple con lo que prometi\u00f3 y desde la polic\u00eda se realice el monitoreo correspondiente\u201d.<br \/>\nFinalmente Leiva manifest\u00f3 que adem\u00e1s se pidi\u00f3 por la restituci\u00f3n de agentes de polic\u00eda comunitaria a la ciudad, tal como estaban trabajando meses atr\u00e1s.<\/p>\n","protected":false},"excerpt":{"rendered":"<p>La mandataria obtuvo el compromiso para que se implemente desde abril en espacio cedido por el municipio. Sobre el monitoreo de las c\u00e1maras, autoridades municipales expresaron: \u201cPese al compromiso del senador, no obtuvimos una respuesta favorable del ministro de seguridad\u201d. La intendenta Stella Cl\u00e9rici acompa\u00f1ada de parte de su equipo de gobierno se reuni\u00f3 con <a href=\"https:\/\/armstrongyregion.com.ar\/diario\/encuentro-de-clerici-con-pullaro-por-en-funcionamiento-del-911\/\" title=\"Read more\" >&#8230;<\/a><\/p>\n","protected":false},"author":2,"featured_media":6429,"comment_status":"open","ping_status":"open","sticky":false,"template":"","format":"standard","meta":{"_jetpack_memberships_contains_paid_content":false,"footnotes":"","jetpack_publicize_message":"","jetpack_publicize_feature_enabled":true,"jetpack_social_post_already_shared":false,"jetpack_social_options":{"image_generator_settings":{"template":"highway","default_image_id":0,"enabled":false},"version":2}},"categories":[1,2,3],"tags":[83,100,2846,343,86],"class_list":["post-6428","post","type-post","status-publish","format-standard","has-post-thumbnail","hentry","category-diario-armstrong","category-locales","category-region","tag-clerici","tag-con","tag-pullaro","tag-reunio","tag-se"],"jetpack_publicize_connections":[],"jetpack_featured_media_url":"https:\/\/armstrongyregion.com.ar\/diario\/wp-content\/uploads\/2016\/03\/Luis-Leiva-.jpg","jetpack_shortlink":"https:\/\/wp.me\/p62QDO-1FG","jetpack_sharing_enabled":true,"amp_enabled":true,"_links":{"self":[{"href":"https:\/\/armstrongyregion.com.ar\/diario\/wp-json\/wp\/v2\/posts\/6428","targetHints":{"allow":["GET"]}}],"collection":[{"href":"https:\/\/armstrongyregion.com.ar\/diario\/wp-json\/wp\/v2\/posts"}],"about":[{"href":"https:\/\/armstrongyregion.com.ar\/diario\/wp-json\/wp\/v2\/types\/post"}],"author":[{"embeddable":true,"href":"https:\/\/armstrongyregion.com.ar\/diario\/wp-json\/wp\/v2\/users\/2"}],"replies":[{"embeddable":true,"href":"https:\/\/armstrongyregion.com.ar\/diario\/wp-json\/wp\/v2\/comments?post=6428"}],"version-history":[{"count":0,"href":"https:\/\/armstrongyregion.com.ar\/diario\/wp-json\/wp\/v2\/posts\/6428\/revisions"}],"wp:featuredmedia":[{"embeddable":true,"href":"https:\/\/armstrongyregion.com.ar\/diario\/wp-json\/wp\/v2\/media\/6429"}],"wp:attachment":[{"href":"https:\/\/armstrongyregion.com.ar\/diario\/wp-json\/wp\/v2\/media?parent=6428"}],"wp:term":[{"taxonomy":"category","embeddable":true,"href":"https:\/\/armstrongyregion.com.ar\/diario\/wp-json\/wp\/v2\/categories?post=6428"},{"taxonomy":"post_tag","embeddable":true,"href":"https:\/\/armstrongyregion.com.ar\/diario\/wp-json\/wp\/v2\/tags?post=6428"}],"curies":[{"name":"wp","href":"https:\/\/api.w.org\/{rel}","templated":true}]}}