{"id":6420,"date":"2016-03-04T22:11:02","date_gmt":"2016-03-04T22:11:02","guid":{"rendered":"https:\/\/armstrongyregion.com.ar\/diario\/?p=6420"},"modified":"2016-03-04T22:12:55","modified_gmt":"2016-03-04T22:12:55","slug":"con-fuerte-apoyo-del-gobierno-santafesino-se-presento-agroactiva-2016","status":"publish","type":"post","link":"https:\/\/armstrongyregion.com.ar\/diario\/con-fuerte-apoyo-del-gobierno-santafesino-se-presento-agroactiva-2016\/","title":{"rendered":"Con fuerte apoyo del Gobierno santafesino se present\u00f3 AgroActiva 2016."},"content":{"rendered":"<p><a href=\"http:\/\/armstrongyregion.com.ar\/diario\/wp-content\/uploads\/2016\/03\/cabecera.jpg\"><img loading=\"lazy\" decoding=\"async\" class=\"alignnone size-medium wp-image-6421\" src=\"http:\/\/armstrongyregion.com.ar\/diario\/wp-content\/uploads\/2016\/03\/cabecera-300x169.jpg\" alt=\"cabecera\" width=\"300\" height=\"169\" srcset=\"https:\/\/armstrongyregion.com.ar\/diario\/wp-content\/uploads\/2016\/03\/cabecera-300x169.jpg 300w, https:\/\/armstrongyregion.com.ar\/diario\/wp-content\/uploads\/2016\/03\/cabecera.jpg 768w\" sizes=\"auto, (max-width: 300px) 100vw, 300px\" \/><\/a>La mega muestra desarrollar\u00e1 su 22\u00aa edici\u00f3n del 8 al 11 de junio en la localidad de Monje, en el centro este de la provincia de Santa Fe. El gobernador Miguel Lifschitz encabez\u00f3 el acto y mostr\u00f3 su satisfacci\u00f3n porque la muestra \u201ces nuestra, de la regi\u00f3n Centro\u201d.<br \/>\nAgroActiva present\u00f3, con una conferencia de prensa en Rosario, su pr\u00f3xima edici\u00f3n ante gran cantidad de medios de comunicaci\u00f3n de varias provincias. El evento se llev\u00f3 a cabo en la sede de la Asociaci\u00f3n Empresaria Rosario (AER) y cont\u00f3 con la presencia del gobernador de Santa Fe, Miguel Lifschitz; el ministro de la Producci\u00f3n santafesino, Luis Contigiani; el intendente de Monje, Pedro Severini; el diputado nacional, Hermes Binner; el presidente de AER, Ricardo Diab y la presidente de AgroActiva, Rosana Nardi.<br \/>\nDurante los discursos se pudo apreciar una fuerte sinergia entre las autoridades municipales, provinciales y de la feria. El Gobierno provincial comprometi\u00f3 su apoyo, no s\u00f3lo en cuestiones operativas, sino tambi\u00e9n en la difusi\u00f3n y promoci\u00f3n de AgroActiva a nivel nacional para impulsar una mayor convocatoria.<br \/>\nPor su parte, Rosana Nardi predijo que la exposici\u00f3n, del 8 al 11 de junio en Monje, tendr\u00e1 novedades y ser\u00e1 un punto de encuentro ineludible para el campo argentino.<\/p>\n<p><a href=\"http:\/\/armstrongyregion.com.ar\/diario\/wp-content\/uploads\/2016\/03\/p\u00fablico-de-atr\u00e1s.jpg\"><img loading=\"lazy\" decoding=\"async\" class=\"alignnone size-medium wp-image-6423\" src=\"http:\/\/armstrongyregion.com.ar\/diario\/wp-content\/uploads\/2016\/03\/p\u00fablico-de-atr\u00e1s-300x184.jpg\" alt=\"p\u00fablico de atr\u00e1s\" width=\"300\" height=\"184\" srcset=\"https:\/\/armstrongyregion.com.ar\/diario\/wp-content\/uploads\/2016\/03\/p\u00fablico-de-atr\u00e1s-300x184.jpg 300w, https:\/\/armstrongyregion.com.ar\/diario\/wp-content\/uploads\/2016\/03\/p\u00fablico-de-atr\u00e1s.jpg 768w\" sizes=\"auto, (max-width: 300px) 100vw, 300px\" \/><\/a>\u201cAgroActiva es nuestra, de la Regi\u00f3n Centro\u201d<\/p>\n<p>AgroActiva es la muestra m\u00e1s importante en convocatoria de empresas y p\u00fablicos \u201cy adem\u00e1s es nuestra, de la Regi\u00f3n Centro\u201d, enfatiz\u00f3 el gobernador Miguel Lifschitz. Hoy Santa Fe produce casi la mitad de la maquinaria agr\u00edcola del pa\u00eds, otro tanto se fabrica en C\u00f3rdoba, pero \u201cno solo hablamos de cantidades sino tambi\u00e9n de la tem\u00e1tica cualitativa porque nuestra provincia es tecnolog\u00eda\u201d.<br \/>\nEl mandatario provincial asegur\u00f3 que su visi\u00f3n de pa\u00eds es bien federal, que integre, y en el mismo sentido agreg\u00f3 que \u201cdebemos retomar esa mirada respecto a nuestra Naci\u00f3n. Respecto de la muestra que el equipo de trabajo hizo crecer y afianzarse a lo largo de los a\u00f1os, est\u00e1 pensada para poner en valor la agroindustria, la producci\u00f3n, los servicios, las instituciones y la consideramos el gran punto de encuentro del campo. M\u00e1s all\u00e1 de los negocios que se realicen es un lugar para recuperar la esperanza, la iniciativa y con el convencimiento de que tenemos una buena base en la Regi\u00f3n Centro\u201d.<br \/>\nEsta zona del pa\u00eds es el coraz\u00f3n productivo de Argentina y AgroActiva durante sus 22 a\u00f1os de trayectoria fue a caballo de dos provincias que conforman la regi\u00f3n. \u201cPor eso hemos tomado el compromiso de acompa\u00f1ar con fuerza la promoci\u00f3n y difusi\u00f3n del evento en todo el pa\u00eds. Necesitamos que todos los argentinos sepan que en Santa Fe, en Monje, se llevar\u00e1 a cabo la exposici\u00f3n m\u00e1s importante del pa\u00eds\u201d, concluy\u00f3 el gobernador.<br \/>\nContigiani: \u201cTendremos una presencia notoria con un gran stand\u201d<\/p>\n<p>El ministro de Producci\u00f3n de Santa Fe dijo que \u201cAgroActiva representa un hito en nuestra estrategia de pol\u00edticas p\u00fablicas para el sector productivo santafesino. Desde la vuelta de la feria a la provincia, en el a\u00f1o 2010, naci\u00f3 un v\u00ednculo entre ambas partes que fue creciendo con el paso del tiempo\u201d.<br \/>\nLa muestra es la preferida porque, seg\u00fan el funcionario, \u201ctiene flexibilidad para los sujetos que queremos impulsar en Santa Fe. Los productores, las pymes, el comercio tienen un perfil innovador y pueden aprovechar el veh\u00edculo que significa AgroActiva para poder exponer lo que hace la provincia y sus empresas en materia de desarrollo\u201d.<br \/>\nAgroActiva es una gran oportunidad para el Gobierno santafesino de llevar novedades, t\u00e9cnicos, capacitadores, armar charlas y por eso el gobernador \u201cnos pidi\u00f3 que jerarquicemos la participaci\u00f3n del Gobierno en la feria. Adem\u00e1s de ser el principal sponsor del evento tendremos una presencia notoria con un gran stand que, creemos, los sorprender\u00e1 para bien\u201d.<br \/>\nLa fecha de realizaci\u00f3n de AgroActiva, en el mes de junio, es especial porque a mitad de a\u00f1o permitir\u00e1 mostrar el rumbo que tom\u00f3 la Provincia y decir que \u201capostamos a las pymes, al desarrollo, al trabajo, a la integraci\u00f3n y desde esta muestra alentaremos a los sectores que apoyamos como Gobierno\u201d, puntualiz\u00f3 Luis Contigiani.<br \/>\nNardi: \u201cElegimos Monje por su ubicaci\u00f3n estrat\u00e9gica\u201d<\/p>\n<p>La organizaci\u00f3n de la muestra decidi\u00f3 repetir sede y estar nuevamente en Monje porque es una locaci\u00f3n estrat\u00e9gica en lo que respecta a la convocatoria de p\u00fablico espec\u00edfico. \u201cEl a\u00f1o pasado nos visitaron m\u00e1s de 250 mil personas de todo el pa\u00eds y es por eso que creemos que la cercan\u00eda a la ciudad de Rosario (60 kil\u00f3metros) y la posibilidad de estar sobre la autopista Rosario-Santa Fe es un lugar inmejorable para repetir la exposici\u00f3n\u201d, coment\u00f3 Nardi.<\/p>\n<p>En AgroActiva se van a poder ver los \u00faltimos adelantos tecnol\u00f3gicos y novedades del sector agroindustrial del pa\u00eds. A su vez, las empresas esperan estos cuatro d\u00edas para realizar el lanzamiento de sus productos. \u201cEste a\u00f1o ya tenemos confirmadas varias presentaciones de nuevos implementos\u201d, dijo.<\/p>\n<p>Desde la organizaci\u00f3n, todos los a\u00f1os se piensa cu\u00e1l es la manera de agregarle atractivos a la mega muestra para ampliar la variedad y opciones de productos y as\u00ed poder obtener diferente p\u00fablico espec\u00edfico. \u201cEstamos trabajando en el armado de un espacio central denominado Tecno plaza donde se va a mostrar todo el potencial y la tecnolog\u00eda relacionado con el rubro de las semillas y agroisnumos\u201d, explic\u00f3 y agreg\u00f3 que \u201cese va a ser un lugar de encuentro entre el productor agropecuario y las empresas que all\u00ed est\u00e9n\u201d.<\/p>\n<p>A la ya consolidada muestra ganadera de AgroActiva , se le sumar\u00e1 una fuerte presencia de animales, empresas e implementos relacionados a la lecher\u00eda. Adem\u00e1s, habr\u00e1 un espacio de avicultura.<\/p>\n<p>Una vez m\u00e1s, el gobierno de la provincia de Santa Fe es el sponsor principal de AgroActiva lo que le permitir\u00e1 gozar de un gran protagonismo dentro de la muestra. \u201cJunto a ellos estamos diagramando una fuerte presencia de todo lo que tenga que ver con capacitaci\u00f3n y espacios institucionales en diferentes puntos de la exposici\u00f3n\u201d, coment\u00f3 Nardi.<\/p>\n<p>La presidente de la mega muestra resalt\u00f3 que \u201ccomo novedad para la edici\u00f3n 2016, adem\u00e1s de las muestras din\u00e1micas programadas para todos los d\u00edas, los expositores podr\u00e1 contar con una parcela privada para realizar su propia demostraci\u00f3n a clientes en particular\u201d.<br \/>\nEn lo que respecta a la modernizaci\u00f3n de espacios comunes, Nardi explic\u00f3 que va a haber un gran despliegue de informaci\u00f3n dentro del predio para que los visitantes puedan recorrerlo c\u00f3modamente. \u201cPensamos a AgroActiva como un centro tur\u00edstico y de negocios\u201d, dijo.<\/p>\n<p>Pedro Severini: \u201cAgroActiva superar\u00e1 la edici\u00f3n pasada\u201d<\/p>\n<p>A su turno, el presidente comunal de Monje agradeci\u00f3 a los organizadores del evento por haber elegido nuevamente a la localidad santafesina como sede la mega muestra. \u201cSin lugar a dudas AgroActiva tiene una gran importancia sobre nuestra regi\u00f3n\u201d, resalt\u00f3.<\/p>\n<p>\u201cGracias a Dios el a\u00f1o pasado hemos tenido una gran concurrencia de p\u00fablico y buenos rindes que permitieron que la muestra sea todo un \u00e9xito\u201d, dijo Severini y augur\u00f3 que \u201cAgroActiva, este a\u00f1o, va a superar lo que ha sido la edici\u00f3n pasada\u201d.<\/p>\n<p>El presidente comunal pidi\u00f3 a los responsables de la exposici\u00f3n que se quede por mucho tiempo porque \u201ces una gran fuente de ingresos y trabajo, no s\u00f3lo para Monje, sino para todos los pueblos de la zona que tiene la posibilidad de alquilar caba\u00f1as, casas y complejos de turismo. Adem\u00e1s, en lo que es trabajo emplea mucha mano de obra de la zona (m\u00e1s de 400 personas), desde electricistas hasta personal para limpieza\u201d.<\/p>\n","protected":false},"excerpt":{"rendered":"<p>La mega muestra desarrollar\u00e1 su 22\u00aa edici\u00f3n del 8 al 11 de junio en la localidad de Monje, en el centro este de la provincia de Santa Fe. El gobernador Miguel Lifschitz encabez\u00f3 el acto y mostr\u00f3 su satisfacci\u00f3n porque la muestra \u201ces nuestra, de la regi\u00f3n Centro\u201d. AgroActiva present\u00f3, con una conferencia de prensa <a href=\"https:\/\/armstrongyregion.com.ar\/diario\/con-fuerte-apoyo-del-gobierno-santafesino-se-presento-agroactiva-2016\/\" title=\"Read more\" >&#8230;<\/a><\/p>\n","protected":false},"author":2,"featured_media":6421,"comment_status":"open","ping_status":"open","sticky":false,"template":"","format":"standard","meta":{"_jetpack_memberships_contains_paid_content":false,"footnotes":"","jetpack_publicize_message":"","jetpack_publicize_feature_enabled":true,"jetpack_social_post_already_shared":false,"jetpack_social_options":{"image_generator_settings":{"template":"highway","default_image_id":0,"enabled":false},"version":2}},"categories":[1,2,7,3],"tags":[492,1422,100,53,38,405,25,86],"class_list":["post-6420","post","type-post","status-publish","format-standard","has-post-thumbnail","hentry","category-diario-armstrong","category-locales","category-politica","category-region","tag-agroactiva","tag-apoyo","tag-con","tag-del","tag-gobierno","tag-gran","tag-presento","tag-se"],"jetpack_publicize_connections":[],"jetpack_featured_media_url":"https:\/\/armstrongyregion.com.ar\/diario\/wp-content\/uploads\/2016\/03\/cabecera.jpg","jetpack_shortlink":"https:\/\/wp.me\/p62QDO-1Fy","jetpack_sharing_enabled":true,"amp_enabled":true,"_links":{"self":[{"href":"https:\/\/armstrongyregion.com.ar\/diario\/wp-json\/wp\/v2\/posts\/6420","targetHints":{"allow":["GET"]}}],"collection":[{"href":"https:\/\/armstrongyregion.com.ar\/diario\/wp-json\/wp\/v2\/posts"}],"about":[{"href":"https:\/\/armstrongyregion.com.ar\/diario\/wp-json\/wp\/v2\/types\/post"}],"author":[{"embeddable":true,"href":"https:\/\/armstrongyregion.com.ar\/diario\/wp-json\/wp\/v2\/users\/2"}],"replies":[{"embeddable":true,"href":"https:\/\/armstrongyregion.com.ar\/diario\/wp-json\/wp\/v2\/comments?post=6420"}],"version-history":[{"count":0,"href":"https:\/\/armstrongyregion.com.ar\/diario\/wp-json\/wp\/v2\/posts\/6420\/revisions"}],"wp:featuredmedia":[{"embeddable":true,"href":"https:\/\/armstrongyregion.com.ar\/diario\/wp-json\/wp\/v2\/media\/6421"}],"wp:attachment":[{"href":"https:\/\/armstrongyregion.com.ar\/diario\/wp-json\/wp\/v2\/media?parent=6420"}],"wp:term":[{"taxonomy":"category","embeddable":true,"href":"https:\/\/armstrongyregion.com.ar\/diario\/wp-json\/wp\/v2\/categories?post=6420"},{"taxonomy":"post_tag","embeddable":true,"href":"https:\/\/armstrongyregion.com.ar\/diario\/wp-json\/wp\/v2\/tags?post=6420"}],"curies":[{"name":"wp","href":"https:\/\/api.w.org\/{rel}","templated":true}]}}