{"id":6401,"date":"2016-03-04T01:55:04","date_gmt":"2016-03-04T01:55:04","guid":{"rendered":"https:\/\/armstrongyregion.com.ar\/diario\/?p=6401"},"modified":"2016-03-04T01:55:04","modified_gmt":"2016-03-04T01:55:04","slug":"encuentro-de-stella-clerici-con-el-gobernador","status":"publish","type":"post","link":"https:\/\/armstrongyregion.com.ar\/diario\/encuentro-de-stella-clerici-con-el-gobernador\/","title":{"rendered":"Encuentro de Stella Cl\u00e9rici con el gobernador."},"content":{"rendered":"<p><a href=\"http:\/\/armstrongyregion.com.ar\/diario\/wp-content\/uploads\/2016\/03\/Cl\u00e9rici-gobernador-.jpg\"><img loading=\"lazy\" decoding=\"async\" class=\"alignnone size-medium wp-image-6402\" src=\"http:\/\/armstrongyregion.com.ar\/diario\/wp-content\/uploads\/2016\/03\/Cl\u00e9rici-gobernador--300x211.jpg\" alt=\"Cl\u00e9rici-gobernador-\" width=\"300\" height=\"211\" srcset=\"https:\/\/armstrongyregion.com.ar\/diario\/wp-content\/uploads\/2016\/03\/Cl\u00e9rici-gobernador--300x211.jpg 300w, https:\/\/armstrongyregion.com.ar\/diario\/wp-content\/uploads\/2016\/03\/Cl\u00e9rici-gobernador-.jpg 768w\" sizes=\"auto, (max-width: 300px) 100vw, 300px\" \/><\/a>Miguel Lifschitz recibi\u00f3 al Foro de Intendentes justicialistas para avanzar en el trabajo conjunto de municipios y provincia. Ca\u00f1ada de<br \/>\nG\u00f3mez recibi\u00f3 900 mil pesos correspondientes a gastos corrientes del Fondo de Obras Menores.<br \/>\nLa intendenta Stella Cl\u00e9rici particip\u00f3 de un encuentro del Foro de Intendentes justicialistas con el gobernador Miguel Lifschitz para<br \/>\navanzar en distintas temas de la agenda municipal y provincial.<br \/>\nTras la reuni\u00f3n, Cl\u00e9rici anunci\u00f3 que el municipio recibi\u00f3 900 mil pesos correspondientes a gastos corrientes de Obras Menores, mientras se sigue<br \/>\ngestionando la implementaci\u00f3n y pago de equipamiento del a\u00f1o 2014 y 2015.<br \/>\n\u201cFue un auspicioso encuentro de intendentes con el gobernador para avanzar en los temas de inter\u00e9s para cada localidad y seguir<br \/>\nfortaleciendo la interrelaci\u00f3n entre municipios y provincia\u201d, expres\u00f3 Cl\u00e9rici.<\/p>\n","protected":false},"excerpt":{"rendered":"<p>Miguel Lifschitz recibi\u00f3 al Foro de Intendentes justicialistas para avanzar en el trabajo conjunto de municipios y provincia. Ca\u00f1ada de G\u00f3mez recibi\u00f3 900 mil pesos correspondientes a gastos corrientes del Fondo de Obras Menores. La intendenta Stella Cl\u00e9rici particip\u00f3 de un encuentro del Foro de Intendentes justicialistas con el gobernador Miguel Lifschitz para avanzar en <a href=\"https:\/\/armstrongyregion.com.ar\/diario\/encuentro-de-stella-clerici-con-el-gobernador\/\" title=\"Read more\" >&#8230;<\/a><\/p>\n","protected":false},"author":2,"featured_media":6402,"comment_status":"open","ping_status":"open","sticky":false,"template":"","format":"standard","meta":{"_jetpack_memberships_contains_paid_content":false,"footnotes":"","jetpack_publicize_message":"","jetpack_publicize_feature_enabled":true,"jetpack_social_post_already_shared":false,"jetpack_social_options":{"image_generator_settings":{"template":"highway","default_image_id":0,"enabled":false},"version":2}},"categories":[1,7,3],"tags":[83,100,19,16,63,766,280],"class_list":["post-6401","post","type-post","status-publish","format-standard","has-post-thumbnail","hentry","category-diario-armstrong","category-politica","category-region","tag-clerici","tag-con","tag-de","tag-el","tag-encuentro","tag-gobernador","tag-stella"],"jetpack_publicize_connections":[],"jetpack_featured_media_url":"https:\/\/armstrongyregion.com.ar\/diario\/wp-content\/uploads\/2016\/03\/Cl\u00e9rici-gobernador-.jpg","jetpack_shortlink":"https:\/\/wp.me\/p62QDO-1Ff","jetpack_sharing_enabled":true,"amp_enabled":true,"_links":{"self":[{"href":"https:\/\/armstrongyregion.com.ar\/diario\/wp-json\/wp\/v2\/posts\/6401","targetHints":{"allow":["GET"]}}],"collection":[{"href":"https:\/\/armstrongyregion.com.ar\/diario\/wp-json\/wp\/v2\/posts"}],"about":[{"href":"https:\/\/armstrongyregion.com.ar\/diario\/wp-json\/wp\/v2\/types\/post"}],"author":[{"embeddable":true,"href":"https:\/\/armstrongyregion.com.ar\/diario\/wp-json\/wp\/v2\/users\/2"}],"replies":[{"embeddable":true,"href":"https:\/\/armstrongyregion.com.ar\/diario\/wp-json\/wp\/v2\/comments?post=6401"}],"version-history":[{"count":0,"href":"https:\/\/armstrongyregion.com.ar\/diario\/wp-json\/wp\/v2\/posts\/6401\/revisions"}],"wp:featuredmedia":[{"embeddable":true,"href":"https:\/\/armstrongyregion.com.ar\/diario\/wp-json\/wp\/v2\/media\/6402"}],"wp:attachment":[{"href":"https:\/\/armstrongyregion.com.ar\/diario\/wp-json\/wp\/v2\/media?parent=6401"}],"wp:term":[{"taxonomy":"category","embeddable":true,"href":"https:\/\/armstrongyregion.com.ar\/diario\/wp-json\/wp\/v2\/categories?post=6401"},{"taxonomy":"post_tag","embeddable":true,"href":"https:\/\/armstrongyregion.com.ar\/diario\/wp-json\/wp\/v2\/tags?post=6401"}],"curies":[{"name":"wp","href":"https:\/\/api.w.org\/{rel}","templated":true}]}}