{"id":6389,"date":"2016-03-03T15:12:13","date_gmt":"2016-03-03T15:12:13","guid":{"rendered":"https:\/\/armstrongyregion.com.ar\/diario\/?p=6389"},"modified":"2016-03-03T15:12:13","modified_gmt":"2016-03-03T15:12:13","slug":"verdecchia-presente-en-el-inicio-del-ciclo-lectivo-2016","status":"publish","type":"post","link":"https:\/\/armstrongyregion.com.ar\/diario\/verdecchia-presente-en-el-inicio-del-ciclo-lectivo-2016\/","title":{"rendered":"Verdecchia presente en el inicio del ciclo lectivo 2016"},"content":{"rendered":"<p><a href=\"http:\/\/armstrongyregion.com.ar\/diario\/wp-content\/uploads\/2016\/03\/inicio-ciclo-2016.jpg\"><img loading=\"lazy\" decoding=\"async\" class=\"alignnone size-medium wp-image-6390\" src=\"http:\/\/armstrongyregion.com.ar\/diario\/wp-content\/uploads\/2016\/03\/inicio-ciclo-2016-300x169.jpg\" alt=\"inicio ciclo 2016\" width=\"300\" height=\"169\" srcset=\"https:\/\/armstrongyregion.com.ar\/diario\/wp-content\/uploads\/2016\/03\/inicio-ciclo-2016-300x169.jpg 300w, https:\/\/armstrongyregion.com.ar\/diario\/wp-content\/uploads\/2016\/03\/inicio-ciclo-2016-1024x576.jpg 1024w, https:\/\/armstrongyregion.com.ar\/diario\/wp-content\/uploads\/2016\/03\/inicio-ciclo-2016.jpg 1600w\" sizes=\"auto, (max-width: 300px) 100vw, 300px\" \/><\/a>El mi\u00e9rcoles 2 de marzo, el Intendente Municipal Dr. Pablo Verdecchia asisti\u00f3 al acto de apertura del ciclo lectivo 2016.<br \/>\nSi bien f\u00edsicamente lo hizo en el inicio del nivel primario de la Escuela Normal Superior N\u00ba 33, el objetivo es acompa\u00f1ar el comienzo de un nuevo a\u00f1o escolar a toda la comunidad educativa de la ciudad, para compartir a lo largo de todo el a\u00f1o distintos proyectos con las instituciones educativas contribuyendo as\u00ed a una mejor educaci\u00f3n y cultura de los alumnos, y para beneficio de todos.<\/p>\n<p>\u201cApostar a la educaci\u00f3n es apostar a un futuro con personas pensantes y preparadas para la vida. La educaci\u00f3n es la mejor herencia que les podemos dejar a nuestros hijos. Nosotros, como siempre, vamos a estar al lado de las escuelas construyendo ese futuro\u201d, remarc\u00f3 el Dr. Verdecchia.<\/p>\n","protected":false},"excerpt":{"rendered":"<p>El mi\u00e9rcoles 2 de marzo, el Intendente Municipal Dr. Pablo Verdecchia asisti\u00f3 al acto de apertura del ciclo lectivo 2016. Si bien f\u00edsicamente lo hizo en el inicio del nivel primario de la Escuela Normal Superior N\u00ba 33, el objetivo es acompa\u00f1ar el comienzo de un nuevo a\u00f1o escolar a toda la comunidad educativa de <a href=\"https:\/\/armstrongyregion.com.ar\/diario\/verdecchia-presente-en-el-inicio-del-ciclo-lectivo-2016\/\" title=\"Read more\" >&#8230;<\/a><\/p>\n","protected":false},"author":2,"featured_media":6390,"comment_status":"open","ping_status":"open","sticky":false,"template":"","format":"standard","meta":{"_jetpack_memberships_contains_paid_content":false,"footnotes":"","jetpack_publicize_message":"","jetpack_publicize_feature_enabled":true,"jetpack_social_post_already_shared":false,"jetpack_social_options":{"image_generator_settings":{"template":"highway","default_image_id":0,"enabled":false},"version":2}},"categories":[6,1,2],"tags":[699,53,16,15,174,3435,556,205],"class_list":["post-6389","post","type-post","status-publish","format-standard","has-post-thumbnail","hentry","category-cultura-entretenimiento","category-diario-armstrong","category-locales","tag-ciclo","tag-del","tag-el","tag-en","tag-inicio","tag-lectivo","tag-presente","tag-verdecchia"],"jetpack_publicize_connections":[],"jetpack_featured_media_url":"https:\/\/armstrongyregion.com.ar\/diario\/wp-content\/uploads\/2016\/03\/inicio-ciclo-2016.jpg","jetpack_shortlink":"https:\/\/wp.me\/p62QDO-1F3","jetpack_sharing_enabled":true,"amp_enabled":true,"_links":{"self":[{"href":"https:\/\/armstrongyregion.com.ar\/diario\/wp-json\/wp\/v2\/posts\/6389","targetHints":{"allow":["GET"]}}],"collection":[{"href":"https:\/\/armstrongyregion.com.ar\/diario\/wp-json\/wp\/v2\/posts"}],"about":[{"href":"https:\/\/armstrongyregion.com.ar\/diario\/wp-json\/wp\/v2\/types\/post"}],"author":[{"embeddable":true,"href":"https:\/\/armstrongyregion.com.ar\/diario\/wp-json\/wp\/v2\/users\/2"}],"replies":[{"embeddable":true,"href":"https:\/\/armstrongyregion.com.ar\/diario\/wp-json\/wp\/v2\/comments?post=6389"}],"version-history":[{"count":0,"href":"https:\/\/armstrongyregion.com.ar\/diario\/wp-json\/wp\/v2\/posts\/6389\/revisions"}],"wp:featuredmedia":[{"embeddable":true,"href":"https:\/\/armstrongyregion.com.ar\/diario\/wp-json\/wp\/v2\/media\/6390"}],"wp:attachment":[{"href":"https:\/\/armstrongyregion.com.ar\/diario\/wp-json\/wp\/v2\/media?parent=6389"}],"wp:term":[{"taxonomy":"category","embeddable":true,"href":"https:\/\/armstrongyregion.com.ar\/diario\/wp-json\/wp\/v2\/categories?post=6389"},{"taxonomy":"post_tag","embeddable":true,"href":"https:\/\/armstrongyregion.com.ar\/diario\/wp-json\/wp\/v2\/tags?post=6389"}],"curies":[{"name":"wp","href":"https:\/\/api.w.org\/{rel}","templated":true}]}}