{"id":6383,"date":"2016-03-02T20:22:14","date_gmt":"2016-03-02T20:22:14","guid":{"rendered":"https:\/\/armstrongyregion.com.ar\/diario\/?p=6383"},"modified":"2016-03-02T20:22:14","modified_gmt":"2016-03-02T20:22:14","slug":"emiliano-gramigna-esperamos-un-ano-fructifero-de-trabajo","status":"publish","type":"post","link":"https:\/\/armstrongyregion.com.ar\/diario\/emiliano-gramigna-esperamos-un-ano-fructifero-de-trabajo\/","title":{"rendered":"Emiliano Gramigna, \u201cEsperamos un a\u00f1o fruct\u00edfero de trabajo\u201d."},"content":{"rendered":"<p><a href=\"http:\/\/armstrongyregion.com.ar\/diario\/wp-content\/uploads\/2016\/03\/DSC_0658.jpg\"><img loading=\"lazy\" decoding=\"async\" class=\"alignnone size-medium wp-image-6384\" src=\"http:\/\/armstrongyregion.com.ar\/diario\/wp-content\/uploads\/2016\/03\/DSC_0658-300x200.jpg\" alt=\"Emiliano-Gramigna-\" width=\"300\" height=\"200\" srcset=\"https:\/\/armstrongyregion.com.ar\/diario\/wp-content\/uploads\/2016\/03\/DSC_0658-300x200.jpg 300w, https:\/\/armstrongyregion.com.ar\/diario\/wp-content\/uploads\/2016\/03\/DSC_0658-1024x683.jpg 1024w\" sizes=\"auto, (max-width: 300px) 100vw, 300px\" \/><\/a>El Concejal Emiliano Gramigna, del bloque Renovaci\u00f3n por Armstrong, manifest\u00f3 su alegr\u00eda en lo personal e institucional en la sesi\u00f3n protocolar de apertura de actividades del Concejo Municipal de Armstrong, expresando que \u00a0junto a su equipo \u00a0esperan un a\u00f1o fruct\u00edfero de trabajo.<\/p>\n<p>Gramigna expresaba, Los ejes fundamentales en mi gesti\u00f3n legislativa van a ser varios, el tema de los desag\u00fces pluviales donde tendremos que estar a la altura de las circunstancias , hoy la ciudad tiene problemas graves de entrada de agua en viviendas, la gente est\u00e1 atemorizada cada vez que llueve, otro de los temas fundamentales es la seguridad donde vamos a seguir insistiendo con un monitoreo en vivo de las c\u00e1maras de seguridad, sin dejar de lado el tema de las fumigaciones y antes de fin de a\u00f1o tener la ordenanza preparada y que se apruebe lo antes posible\u201d.<\/p>\n<p>&nbsp;<\/p>\n","protected":false},"excerpt":{"rendered":"<p>El Concejal Emiliano Gramigna, del bloque Renovaci\u00f3n por Armstrong, manifest\u00f3 su alegr\u00eda en lo personal e institucional en la sesi\u00f3n protocolar de apertura de actividades del Concejo Municipal de Armstrong, expresando que \u00a0junto a su equipo \u00a0esperan un a\u00f1o fruct\u00edfero de trabajo. Gramigna expresaba, Los ejes fundamentales en mi gesti\u00f3n legislativa van a ser varios, <a href=\"https:\/\/armstrongyregion.com.ar\/diario\/emiliano-gramigna-esperamos-un-ano-fructifero-de-trabajo\/\" title=\"Read more\" >&#8230;<\/a><\/p>\n","protected":false},"author":2,"featured_media":6384,"comment_status":"open","ping_status":"open","sticky":false,"template":"","format":"standard","meta":{"_jetpack_memberships_contains_paid_content":false,"footnotes":"","jetpack_publicize_message":"","jetpack_publicize_feature_enabled":true,"jetpack_social_post_already_shared":false,"jetpack_social_options":{"image_generator_settings":{"template":"highway","default_image_id":0,"enabled":false},"version":2}},"categories":[1,2,7,3],"tags":[154,19,141,3520,3521,979,1066,192],"class_list":["post-6383","post","type-post","status-publish","format-standard","has-post-thumbnail","hentry","category-diario-armstrong","category-locales","category-politica","category-region","tag-ano","tag-de","tag-emiliano","tag-esperamos","tag-fructifero","tag-gramigna","tag-trabajo","tag-un"],"jetpack_publicize_connections":[],"jetpack_featured_media_url":"https:\/\/armstrongyregion.com.ar\/diario\/wp-content\/uploads\/2016\/03\/DSC_0658.jpg","jetpack_shortlink":"https:\/\/wp.me\/p62QDO-1EX","jetpack_sharing_enabled":true,"amp_enabled":true,"_links":{"self":[{"href":"https:\/\/armstrongyregion.com.ar\/diario\/wp-json\/wp\/v2\/posts\/6383","targetHints":{"allow":["GET"]}}],"collection":[{"href":"https:\/\/armstrongyregion.com.ar\/diario\/wp-json\/wp\/v2\/posts"}],"about":[{"href":"https:\/\/armstrongyregion.com.ar\/diario\/wp-json\/wp\/v2\/types\/post"}],"author":[{"embeddable":true,"href":"https:\/\/armstrongyregion.com.ar\/diario\/wp-json\/wp\/v2\/users\/2"}],"replies":[{"embeddable":true,"href":"https:\/\/armstrongyregion.com.ar\/diario\/wp-json\/wp\/v2\/comments?post=6383"}],"version-history":[{"count":0,"href":"https:\/\/armstrongyregion.com.ar\/diario\/wp-json\/wp\/v2\/posts\/6383\/revisions"}],"wp:featuredmedia":[{"embeddable":true,"href":"https:\/\/armstrongyregion.com.ar\/diario\/wp-json\/wp\/v2\/media\/6384"}],"wp:attachment":[{"href":"https:\/\/armstrongyregion.com.ar\/diario\/wp-json\/wp\/v2\/media?parent=6383"}],"wp:term":[{"taxonomy":"category","embeddable":true,"href":"https:\/\/armstrongyregion.com.ar\/diario\/wp-json\/wp\/v2\/categories?post=6383"},{"taxonomy":"post_tag","embeddable":true,"href":"https:\/\/armstrongyregion.com.ar\/diario\/wp-json\/wp\/v2\/tags?post=6383"}],"curies":[{"name":"wp","href":"https:\/\/api.w.org\/{rel}","templated":true}]}}