{"id":6373,"date":"2016-03-02T15:27:30","date_gmt":"2016-03-02T15:27:30","guid":{"rendered":"https:\/\/armstrongyregion.com.ar\/diario\/?p=6373"},"modified":"2016-03-02T15:27:30","modified_gmt":"2016-03-02T15:27:30","slug":"el-intendente-verdecchia-inauguro-el-periodo-de-sesiones-en-el-concejo-municipal","status":"publish","type":"post","link":"https:\/\/armstrongyregion.com.ar\/diario\/el-intendente-verdecchia-inauguro-el-periodo-de-sesiones-en-el-concejo-municipal\/","title":{"rendered":"El intendente Verdecchia inaugur\u00f3 el periodo de sesiones en el Concejo Municipal."},"content":{"rendered":"<p><a href=\"http:\/\/armstrongyregion.com.ar\/diario\/wp-content\/uploads\/2016\/03\/DSC_0635.jpg\"><img loading=\"lazy\" decoding=\"async\" class=\"alignnone size-medium wp-image-6374\" src=\"http:\/\/armstrongyregion.com.ar\/diario\/wp-content\/uploads\/2016\/03\/DSC_0635-300x200.jpg\" alt=\"Verdecchia-Concejo-\" width=\"300\" height=\"200\" srcset=\"https:\/\/armstrongyregion.com.ar\/diario\/wp-content\/uploads\/2016\/03\/DSC_0635-300x200.jpg 300w, https:\/\/armstrongyregion.com.ar\/diario\/wp-content\/uploads\/2016\/03\/DSC_0635-1024x683.jpg 1024w\" sizes=\"auto, (max-width: 300px) 100vw, 300px\" \/><\/a>En la noche\u00a0 del martes, el intendente Dr. Pablo Verdecchia, abri\u00f3 el periodo de sesiones del Concejo Municipal, con un discurso ameno, basado en lo que se ha hecho y lo que est\u00e1 por venir.<\/p>\n<p>En dialogo con nuestro medio Verdecchia remarc\u00f3, \u201cEs muy importante que el intendente presente en este concejo \u00a0el trabajo realizado y los lineamientos para este a\u00f1o 2016\u201d.<\/p>\n<p>Tambi\u00e9n consultamos sobre la situaci\u00f3n de emergencia que tenemos en nuestra ciudad, y nos dec\u00eda \u201c esta situaci\u00f3n nos orienta a trabajar \u00a0en las nuevas posibilidades que tenemos con naci\u00f3n y provincia para la ejecuci\u00f3n de estos proyectos que venimos gestionando, y \u00a0finalmente ejecutar las obras para un mejor drenaje de las aguas en periodos de intensas lluvias, como los que estamos padeciendo \u00faltimamente\u201d.<\/p>\n","protected":false},"excerpt":{"rendered":"<p>En la noche\u00a0 del martes, el intendente Dr. Pablo Verdecchia, abri\u00f3 el periodo de sesiones del Concejo Municipal, con un discurso ameno, basado en lo que se ha hecho y lo que est\u00e1 por venir. En dialogo con nuestro medio Verdecchia remarc\u00f3, \u201cEs muy importante que el intendente presente en este concejo \u00a0el trabajo realizado <a href=\"https:\/\/armstrongyregion.com.ar\/diario\/el-intendente-verdecchia-inauguro-el-periodo-de-sesiones-en-el-concejo-municipal\/\" title=\"Read more\" >&#8230;<\/a><\/p>\n","protected":false},"author":2,"featured_media":6374,"comment_status":"open","ping_status":"open","sticky":false,"template":"","format":"standard","meta":{"_jetpack_memberships_contains_paid_content":false,"footnotes":"","jetpack_publicize_message":"","jetpack_publicize_feature_enabled":true,"jetpack_social_post_already_shared":false,"jetpack_social_options":{"image_generator_settings":{"template":"highway","default_image_id":0,"enabled":false},"version":2}},"categories":[1,2,7,3],"tags":[868,19,1028,524,1113,1022,205],"class_list":["post-6373","post","type-post","status-publish","format-standard","has-post-thumbnail","hentry","category-diario-armstrong","category-locales","category-politica","category-region","tag-concejo","tag-de","tag-inauguro","tag-municipal","tag-periodo","tag-sesiones","tag-verdecchia"],"jetpack_publicize_connections":[],"jetpack_featured_media_url":"https:\/\/armstrongyregion.com.ar\/diario\/wp-content\/uploads\/2016\/03\/DSC_0635.jpg","jetpack_shortlink":"https:\/\/wp.me\/p62QDO-1EN","jetpack_sharing_enabled":true,"amp_enabled":true,"_links":{"self":[{"href":"https:\/\/armstrongyregion.com.ar\/diario\/wp-json\/wp\/v2\/posts\/6373","targetHints":{"allow":["GET"]}}],"collection":[{"href":"https:\/\/armstrongyregion.com.ar\/diario\/wp-json\/wp\/v2\/posts"}],"about":[{"href":"https:\/\/armstrongyregion.com.ar\/diario\/wp-json\/wp\/v2\/types\/post"}],"author":[{"embeddable":true,"href":"https:\/\/armstrongyregion.com.ar\/diario\/wp-json\/wp\/v2\/users\/2"}],"replies":[{"embeddable":true,"href":"https:\/\/armstrongyregion.com.ar\/diario\/wp-json\/wp\/v2\/comments?post=6373"}],"version-history":[{"count":0,"href":"https:\/\/armstrongyregion.com.ar\/diario\/wp-json\/wp\/v2\/posts\/6373\/revisions"}],"wp:featuredmedia":[{"embeddable":true,"href":"https:\/\/armstrongyregion.com.ar\/diario\/wp-json\/wp\/v2\/media\/6374"}],"wp:attachment":[{"href":"https:\/\/armstrongyregion.com.ar\/diario\/wp-json\/wp\/v2\/media?parent=6373"}],"wp:term":[{"taxonomy":"category","embeddable":true,"href":"https:\/\/armstrongyregion.com.ar\/diario\/wp-json\/wp\/v2\/categories?post=6373"},{"taxonomy":"post_tag","embeddable":true,"href":"https:\/\/armstrongyregion.com.ar\/diario\/wp-json\/wp\/v2\/tags?post=6373"}],"curies":[{"name":"wp","href":"https:\/\/api.w.org\/{rel}","templated":true}]}}