{"id":636,"date":"2015-01-30T11:24:29","date_gmt":"2015-01-30T11:24:29","guid":{"rendered":"https:\/\/armstrongyregion.com.ar\/diario\/?p=636"},"modified":"2015-01-30T11:24:29","modified_gmt":"2015-01-30T11:24:29","slug":"armstrong-el-colmo-de-los-colmos-le-robaron-la-moto-a-la-policia","status":"publish","type":"post","link":"https:\/\/armstrongyregion.com.ar\/diario\/armstrong-el-colmo-de-los-colmos-le-robaron-la-moto-a-la-policia\/","title":{"rendered":"Armstrong. El colmo de los colmos, le robaron la moto a la polic\u00eda."},"content":{"rendered":"<p><a href=\"http:\/\/armstrongyregion.com.ar\/diario\/wp-content\/uploads\/2015\/01\/IMG-20150129-WA0005.jpg\"><img loading=\"lazy\" decoding=\"async\" class=\"alignnone size-medium wp-image-637\" src=\"http:\/\/armstrongyregion.com.ar\/diario\/wp-content\/uploads\/2015\/01\/IMG-20150129-WA0005-300x225.jpg\" alt=\"policiarobada\" width=\"300\" height=\"225\" srcset=\"https:\/\/armstrongyregion.com.ar\/diario\/wp-content\/uploads\/2015\/01\/IMG-20150129-WA0005-300x225.jpg 300w, https:\/\/armstrongyregion.com.ar\/diario\/wp-content\/uploads\/2015\/01\/IMG-20150129-WA0005.jpg 533w\" sizes=\"auto, (max-width: 300px) 100vw, 300px\" \/><\/a>Si bien no hay informaci\u00f3n oficial sobre el hecho del ultimo s\u00e1bado donde cuatro j\u00f3venes, menores de edad, se habr\u00edan robado una moto policial del patio de la comisar\u00eda.<\/p>\n<p>La secuencia de los hechos fue la siguiente, un remisero vio sorprendido como algunos j\u00f3venes llevaban a tiro una moto policial. Este hombre da aviso a un inspector de tr\u00e1nsito y en la intersecci\u00f3n de la calle Crucianelli y Chile, encuentra a los j\u00f3venes y da aviso a la polic\u00eda. Los menores fueron detenidos y luego retirados por sus padres de la comisar\u00eda. En este contexto hay que agregar que todav\u00eda no hay confirmaci\u00f3n oficial sobre quien esta a cargo de la dependencia de Armstrong.<br \/>\nInforme Jorge Tagina, para Armstrong y Region.<\/p>\n","protected":false},"excerpt":{"rendered":"<p>Si bien no hay informaci\u00f3n oficial sobre el hecho del ultimo s\u00e1bado donde cuatro j\u00f3venes, menores de edad, se habr\u00edan robado una moto policial del patio de la comisar\u00eda. La secuencia de los hechos fue la siguiente, un remisero vio sorprendido como algunos j\u00f3venes llevaban a tiro una moto policial. Este hombre da aviso a <a href=\"https:\/\/armstrongyregion.com.ar\/diario\/armstrong-el-colmo-de-los-colmos-le-robaron-la-moto-a-la-policia\/\" title=\"Read more\" >&#8230;<\/a><\/p>\n","protected":false},"author":2,"featured_media":637,"comment_status":"open","ping_status":"open","sticky":false,"template":"","format":"standard","meta":{"_jetpack_memberships_contains_paid_content":false,"footnotes":"","jetpack_publicize_message":"","jetpack_publicize_feature_enabled":true,"jetpack_social_post_already_shared":false,"jetpack_social_options":{"image_generator_settings":{"template":"highway","default_image_id":0,"enabled":false},"version":2}},"categories":[1,2],"tags":[33,20,629,630,19,16,31,631,42,633,146,632],"class_list":["post-636","post","type-post","status-publish","format-standard","has-post-thumbnail","hentry","category-diario-armstrong","category-locales","tag-a","tag-armstrong","tag-colmo","tag-colmos","tag-de","tag-el","tag-la","tag-le","tag-los","tag-moto","tag-policia","tag-robaron"],"jetpack_publicize_connections":[],"jetpack_featured_media_url":"https:\/\/armstrongyregion.com.ar\/diario\/wp-content\/uploads\/2015\/01\/IMG-20150129-WA0005.jpg","jetpack_shortlink":"https:\/\/wp.me\/p62QDO-ag","jetpack_sharing_enabled":true,"amp_enabled":true,"_links":{"self":[{"href":"https:\/\/armstrongyregion.com.ar\/diario\/wp-json\/wp\/v2\/posts\/636","targetHints":{"allow":["GET"]}}],"collection":[{"href":"https:\/\/armstrongyregion.com.ar\/diario\/wp-json\/wp\/v2\/posts"}],"about":[{"href":"https:\/\/armstrongyregion.com.ar\/diario\/wp-json\/wp\/v2\/types\/post"}],"author":[{"embeddable":true,"href":"https:\/\/armstrongyregion.com.ar\/diario\/wp-json\/wp\/v2\/users\/2"}],"replies":[{"embeddable":true,"href":"https:\/\/armstrongyregion.com.ar\/diario\/wp-json\/wp\/v2\/comments?post=636"}],"version-history":[{"count":0,"href":"https:\/\/armstrongyregion.com.ar\/diario\/wp-json\/wp\/v2\/posts\/636\/revisions"}],"wp:featuredmedia":[{"embeddable":true,"href":"https:\/\/armstrongyregion.com.ar\/diario\/wp-json\/wp\/v2\/media\/637"}],"wp:attachment":[{"href":"https:\/\/armstrongyregion.com.ar\/diario\/wp-json\/wp\/v2\/media?parent=636"}],"wp:term":[{"taxonomy":"category","embeddable":true,"href":"https:\/\/armstrongyregion.com.ar\/diario\/wp-json\/wp\/v2\/categories?post=636"},{"taxonomy":"post_tag","embeddable":true,"href":"https:\/\/armstrongyregion.com.ar\/diario\/wp-json\/wp\/v2\/tags?post=636"}],"curies":[{"name":"wp","href":"https:\/\/api.w.org\/{rel}","templated":true}]}}