{"id":6342,"date":"2016-02-29T12:49:01","date_gmt":"2016-02-29T12:49:01","guid":{"rendered":"https:\/\/armstrongyregion.com.ar\/diario\/?p=6342"},"modified":"2016-02-29T12:49:01","modified_gmt":"2016-02-29T12:49:01","slug":"la-biblioteca-popular-de-correa-apuesta-a-la-educacion","status":"publish","type":"post","link":"https:\/\/armstrongyregion.com.ar\/diario\/la-biblioteca-popular-de-correa-apuesta-a-la-educacion\/","title":{"rendered":"La Biblioteca Popular de Correa apuesta a la educaci\u00f3n."},"content":{"rendered":"<p><a href=\"http:\/\/armstrongyregion.com.ar\/diario\/wp-content\/uploads\/2016\/02\/correa-sisiani-biblio-260216.jpg\"><img loading=\"lazy\" decoding=\"async\" class=\"alignnone size-medium wp-image-6343\" src=\"http:\/\/armstrongyregion.com.ar\/diario\/wp-content\/uploads\/2016\/02\/correa-sisiani-biblio-260216-300x225.jpg\" alt=\"correa-sisiani-biblio-260216\" width=\"300\" height=\"225\" srcset=\"https:\/\/armstrongyregion.com.ar\/diario\/wp-content\/uploads\/2016\/02\/correa-sisiani-biblio-260216-300x225.jpg 300w, https:\/\/armstrongyregion.com.ar\/diario\/wp-content\/uploads\/2016\/02\/correa-sisiani-biblio-260216.jpg 768w\" sizes=\"auto, (max-width: 300px) 100vw, 300px\" \/><\/a>La Biblioteca Popular Correa entreg\u00f3, el pasado viernes, 65 Kits Escolares del programa \u201c\u00datiles de Futuro\u201d. Tambi\u00e9n se present\u00f3 el Ente Cultural Santafesino y la Plataforma Digital de Difusi\u00f3n Cultural propia de la instituci\u00f3n.<\/p>\n<p>En el marco de esta entrega estuvieron presentes, el Presidente del Ente Cultural, Lic. Leonardo Carrozza; la Diputada Provincial Claudia Giaccone; el Senador Provincial Hugo Rasetto; el Presidente de la Biblioteca Popular Correa, Esteban Sisiani; el Secretario de Cultura de Zavalla, Hugo Paccioretti y el Coordinador del ECS Prof. Fernando Banegas, medios locales y de la regi\u00f3n junto a una gran convocatoria de vecinos de Correa.<\/p>\n<p>Durante el emotivo acto, Esteban\u00a0 Sisiani dijo estar muy contento ya que 65 alumnos cuentan con los \u00fatiles escolares para comenzar las clases, y tambi\u00e9n arremeti\u00f3\u00a0 \u00abCuando el Estado local se desentiende de una de sus funciones principales que es garantizar los Derechos, en este caso el de la Educaci\u00f3n, aparecemos las instituciones populares para cubrir esos espacios. Esto no es caridad, estos son derecho de los ni\u00f1os y ni\u00f1as. No nos agradezcan, es lo que corresponde\u201d. Finaliz\u00f3.<\/p>\n","protected":false},"excerpt":{"rendered":"<p>La Biblioteca Popular Correa entreg\u00f3, el pasado viernes, 65 Kits Escolares del programa \u201c\u00datiles de Futuro\u201d. Tambi\u00e9n se present\u00f3 el Ente Cultural Santafesino y la Plataforma Digital de Difusi\u00f3n Cultural propia de la instituci\u00f3n. En el marco de esta entrega estuvieron presentes, el Presidente del Ente Cultural, Lic. Leonardo Carrozza; la Diputada Provincial Claudia Giaccone; <a href=\"https:\/\/armstrongyregion.com.ar\/diario\/la-biblioteca-popular-de-correa-apuesta-a-la-educacion\/\" title=\"Read more\" >&#8230;<\/a><\/p>\n","protected":false},"author":2,"featured_media":6343,"comment_status":"open","ping_status":"open","sticky":false,"template":"","format":"standard","meta":{"_jetpack_memberships_contains_paid_content":false,"footnotes":"","jetpack_publicize_message":"","jetpack_publicize_feature_enabled":true,"jetpack_social_post_already_shared":false,"jetpack_social_options":{"image_generator_settings":{"template":"highway","default_image_id":0,"enabled":false},"version":2}},"categories":[6,1,2,3],"tags":[1845,33,2178,1344,303,19,31,1112],"class_list":["post-6342","post","type-post","status-publish","format-standard","has-post-thumbnail","hentry","category-cultura-entretenimiento","category-diario-armstrong","category-locales","category-region","tag-educacion","tag-a","tag-apuesta","tag-biblioteca","tag-correa","tag-de","tag-la","tag-popular"],"jetpack_publicize_connections":[],"jetpack_featured_media_url":"https:\/\/armstrongyregion.com.ar\/diario\/wp-content\/uploads\/2016\/02\/correa-sisiani-biblio-260216.jpg","jetpack_shortlink":"https:\/\/wp.me\/p62QDO-1Ei","jetpack_sharing_enabled":true,"amp_enabled":true,"_links":{"self":[{"href":"https:\/\/armstrongyregion.com.ar\/diario\/wp-json\/wp\/v2\/posts\/6342","targetHints":{"allow":["GET"]}}],"collection":[{"href":"https:\/\/armstrongyregion.com.ar\/diario\/wp-json\/wp\/v2\/posts"}],"about":[{"href":"https:\/\/armstrongyregion.com.ar\/diario\/wp-json\/wp\/v2\/types\/post"}],"author":[{"embeddable":true,"href":"https:\/\/armstrongyregion.com.ar\/diario\/wp-json\/wp\/v2\/users\/2"}],"replies":[{"embeddable":true,"href":"https:\/\/armstrongyregion.com.ar\/diario\/wp-json\/wp\/v2\/comments?post=6342"}],"version-history":[{"count":0,"href":"https:\/\/armstrongyregion.com.ar\/diario\/wp-json\/wp\/v2\/posts\/6342\/revisions"}],"wp:featuredmedia":[{"embeddable":true,"href":"https:\/\/armstrongyregion.com.ar\/diario\/wp-json\/wp\/v2\/media\/6343"}],"wp:attachment":[{"href":"https:\/\/armstrongyregion.com.ar\/diario\/wp-json\/wp\/v2\/media?parent=6342"}],"wp:term":[{"taxonomy":"category","embeddable":true,"href":"https:\/\/armstrongyregion.com.ar\/diario\/wp-json\/wp\/v2\/categories?post=6342"},{"taxonomy":"post_tag","embeddable":true,"href":"https:\/\/armstrongyregion.com.ar\/diario\/wp-json\/wp\/v2\/tags?post=6342"}],"curies":[{"name":"wp","href":"https:\/\/api.w.org\/{rel}","templated":true}]}}