{"id":6335,"date":"2016-02-28T22:27:10","date_gmt":"2016-02-28T22:27:10","guid":{"rendered":"https:\/\/armstrongyregion.com.ar\/diario\/?p=6335"},"modified":"2016-02-28T22:41:33","modified_gmt":"2016-02-28T22:41:33","slug":"armstrong-fin-de-semana-bien-gaucho","status":"publish","type":"post","link":"https:\/\/armstrongyregion.com.ar\/diario\/armstrong-fin-de-semana-bien-gaucho\/","title":{"rendered":"Armstrong. Fin de semana bien gaucho."},"content":{"rendered":"<p><a href=\"http:\/\/armstrongyregion.com.ar\/diario\/wp-content\/uploads\/2016\/02\/Finde-Gaucho-.jpg\"><img loading=\"lazy\" decoding=\"async\" class=\"alignnone size-medium wp-image-6336\" src=\"http:\/\/armstrongyregion.com.ar\/diario\/wp-content\/uploads\/2016\/02\/Finde-Gaucho--300x210.jpg\" alt=\"Finde-gaucho\" width=\"300\" height=\"210\" srcset=\"https:\/\/armstrongyregion.com.ar\/diario\/wp-content\/uploads\/2016\/02\/Finde-Gaucho--300x210.jpg 300w, https:\/\/armstrongyregion.com.ar\/diario\/wp-content\/uploads\/2016\/02\/Finde-Gaucho-.jpg 768w\" sizes=\"auto, (max-width: 300px) 100vw, 300px\" \/><\/a>Desde el pasado viernes en nuestra ciudad, \u00a0los representantes de 14 provincias argentinas debaten la problem\u00e1tica de la cuesti\u00f3n gauchesca, con la presencia de las autoridades de las Federaciones de gran parte del pa\u00eds, nos menciona el Presidente de la Federaci\u00f3n Gaucha Roberto Avoledo, que a pesar de las inclemencias del tiempo y la suspensi\u00f3n del desfile gauchesco por las calles de la ciudad \u00a0el balance es muy positivo.<\/p>\n<p>El viernes se realiz\u00f3 una cena en el Tropero con los integrantes de las fuerzas vivas de la ciudad y autoridades municipales y provinciales junto a \u00a0referentes de Federaciones \u00a0de distintos puntos del pa\u00eds, quienes han intercambiado presentes y han demostrado orgullo por nuestra tradici\u00f3n y cultura.<\/p>\n<p><a href=\"http:\/\/armstrongyregion.com.ar\/diario\/wp-content\/uploads\/2016\/02\/Verdecchia-Gaucho.jpg\"><img loading=\"lazy\" decoding=\"async\" class=\"alignnone size-medium wp-image-6337\" src=\"http:\/\/armstrongyregion.com.ar\/diario\/wp-content\/uploads\/2016\/02\/Verdecchia-Gaucho-300x222.jpg\" alt=\"Verdecchia-Gaucho\" width=\"300\" height=\"222\" srcset=\"https:\/\/armstrongyregion.com.ar\/diario\/wp-content\/uploads\/2016\/02\/Verdecchia-Gaucho-300x222.jpg 300w, https:\/\/armstrongyregion.com.ar\/diario\/wp-content\/uploads\/2016\/02\/Verdecchia-Gaucho.jpg 768w\" sizes=\"auto, (max-width: 300px) 100vw, 300px\" \/><\/a>\u00a0Y el d\u00eda s\u00e1bado en la Estaci\u00f3n MAS, el escenario mayor se deleit\u00f3 con nuestro folclore y el broche de oro estuvo a cargo de Orlando Vera Cruz, con una gran convocatoria.<\/p>\n<p>Im\u00e1genes: Jorge Oliva-<\/p>\n","protected":false},"excerpt":{"rendered":"<p>Desde el pasado viernes en nuestra ciudad, \u00a0los representantes de 14 provincias argentinas debaten la problem\u00e1tica de la cuesti\u00f3n gauchesca, con la presencia de las autoridades de las Federaciones de gran parte del pa\u00eds, nos menciona el Presidente de la Federaci\u00f3n Gaucha Roberto Avoledo, que a pesar de las inclemencias del tiempo y la suspensi\u00f3n <a href=\"https:\/\/armstrongyregion.com.ar\/diario\/armstrong-fin-de-semana-bien-gaucho\/\" title=\"Read more\" >&#8230;<\/a><\/p>\n","protected":false},"author":2,"featured_media":6336,"comment_status":"open","ping_status":"open","sticky":false,"template":"","format":"standard","meta":{"_jetpack_memberships_contains_paid_content":false,"footnotes":"","jetpack_publicize_message":"","jetpack_publicize_feature_enabled":true,"jetpack_social_post_already_shared":false,"jetpack_social_options":{"image_generator_settings":{"template":"highway","default_image_id":0,"enabled":false},"version":2}},"categories":[6,1,2,3],"tags":[1704,19,1294,3496,3511,919],"class_list":["post-6335","post","type-post","status-publish","format-standard","has-post-thumbnail","hentry","category-cultura-entretenimiento","category-diario-armstrong","category-locales","category-region","tag-bien","tag-de","tag-fin","tag-gaucho","tag-rmstrong","tag-semana"],"jetpack_publicize_connections":[],"jetpack_featured_media_url":"https:\/\/armstrongyregion.com.ar\/diario\/wp-content\/uploads\/2016\/02\/Finde-Gaucho-.jpg","jetpack_shortlink":"https:\/\/wp.me\/p62QDO-1Eb","jetpack_sharing_enabled":true,"amp_enabled":true,"_links":{"self":[{"href":"https:\/\/armstrongyregion.com.ar\/diario\/wp-json\/wp\/v2\/posts\/6335","targetHints":{"allow":["GET"]}}],"collection":[{"href":"https:\/\/armstrongyregion.com.ar\/diario\/wp-json\/wp\/v2\/posts"}],"about":[{"href":"https:\/\/armstrongyregion.com.ar\/diario\/wp-json\/wp\/v2\/types\/post"}],"author":[{"embeddable":true,"href":"https:\/\/armstrongyregion.com.ar\/diario\/wp-json\/wp\/v2\/users\/2"}],"replies":[{"embeddable":true,"href":"https:\/\/armstrongyregion.com.ar\/diario\/wp-json\/wp\/v2\/comments?post=6335"}],"version-history":[{"count":0,"href":"https:\/\/armstrongyregion.com.ar\/diario\/wp-json\/wp\/v2\/posts\/6335\/revisions"}],"wp:featuredmedia":[{"embeddable":true,"href":"https:\/\/armstrongyregion.com.ar\/diario\/wp-json\/wp\/v2\/media\/6336"}],"wp:attachment":[{"href":"https:\/\/armstrongyregion.com.ar\/diario\/wp-json\/wp\/v2\/media?parent=6335"}],"wp:term":[{"taxonomy":"category","embeddable":true,"href":"https:\/\/armstrongyregion.com.ar\/diario\/wp-json\/wp\/v2\/categories?post=6335"},{"taxonomy":"post_tag","embeddable":true,"href":"https:\/\/armstrongyregion.com.ar\/diario\/wp-json\/wp\/v2\/tags?post=6335"}],"curies":[{"name":"wp","href":"https:\/\/api.w.org\/{rel}","templated":true}]}}