{"id":6317,"date":"2016-02-27T19:24:21","date_gmt":"2016-02-27T19:24:21","guid":{"rendered":"https:\/\/armstrongyregion.com.ar\/diario\/?p=6317"},"modified":"2016-02-27T19:24:21","modified_gmt":"2016-02-27T19:24:21","slug":"siempre-sera-la-maestra-de-todos-hay-que-recordarla-con-alegria","status":"publish","type":"post","link":"https:\/\/armstrongyregion.com.ar\/diario\/siempre-sera-la-maestra-de-todos-hay-que-recordarla-con-alegria\/","title":{"rendered":"\u201cSiempre ser\u00e1 la maestra de todos, hay que recordarla con alegr\u00eda\u201d."},"content":{"rendered":"<p><a href=\"http:\/\/armstrongyregion.com.ar\/diario\/wp-content\/uploads\/2016\/02\/Stela-Clerici.jpg\"><img loading=\"lazy\" decoding=\"async\" class=\"alignnone size-medium wp-image-6318\" src=\"http:\/\/armstrongyregion.com.ar\/diario\/wp-content\/uploads\/2016\/02\/Stela-Clerici-300x209.jpg\" alt=\"Stela-Clerici\" width=\"300\" height=\"209\" srcset=\"https:\/\/armstrongyregion.com.ar\/diario\/wp-content\/uploads\/2016\/02\/Stela-Clerici-300x209.jpg 300w, https:\/\/armstrongyregion.com.ar\/diario\/wp-content\/uploads\/2016\/02\/Stela-Clerici.jpg 768w\" sizes=\"auto, (max-width: 300px) 100vw, 300px\" \/><\/a>As\u00ed expres\u00f3 la intendente municipal Stella Cl\u00e9rici ante el fallecimiento de la ciudadana ilustre Goritzia Piccinini. La<br \/>\nmunicipalidad de Ca\u00f1ada de G\u00f3mez manifiesta su acompa\u00f1amiento a familiares, amigos y toda la comunidad que hoy despide a una de sus<br \/>\nfiguras p\u00fablicas m\u00e1s queridas.<\/p>\n<p>\u201cToda su vida fue un ejemplo de esfuerzo, trabajo, solidaridad y sobre todo mucha humildad. Su legado a la educaci\u00f3n y a las instituciones<br \/>\ntrascender\u00e1 a lo largo de los a\u00f1os. Siempre ser\u00e1 la maestra de todos,<br \/>\nhay que recordarla con alegr\u00eda\u201d, estas fueron las palabras en que la<br \/>\nintendenta Stella Cl\u00e9rici recuerda a Goritzia Piccinini.<br \/>\nCabe destacar que la municipalidad la homenaje\u00f3 en vida, manteniendo<br \/>\nuna constante relaci\u00f3n, con quien fuera declara ciudadana ilustre y en<br \/>\nsu figura se pueden testimoniar los hechos sociales y culturales m\u00e1s<br \/>\ntrascendentes de la historia ca\u00f1adense contempor\u00e1nea.<br \/>\nAdem\u00e1s de dedicar gran parte de sus 99 a\u00f1os a la docencia, fue unas de<br \/>\nlas precursoras de la Guarder\u00eda Infantil y del Hogar de Varones, ambas<br \/>\ninstituciones que actualmente llevan su nombre. Por ello la<br \/>\nmunicipalidad de Ca\u00f1ada de G\u00f3mez manifiesta su acompa\u00f1amiento a<br \/>\nfamiliares, amigos y toda la comunidad que hoy despide a una de sus<br \/>\nfiguras p\u00fablicas m\u00e1s queridas.<\/p>\n","protected":false},"excerpt":{"rendered":"<p>As\u00ed expres\u00f3 la intendente municipal Stella Cl\u00e9rici ante el fallecimiento de la ciudadana ilustre Goritzia Piccinini. La municipalidad de Ca\u00f1ada de G\u00f3mez manifiesta su acompa\u00f1amiento a familiares, amigos y toda la comunidad que hoy despide a una de sus figuras p\u00fablicas m\u00e1s queridas. \u201cToda su vida fue un ejemplo de esfuerzo, trabajo, solidaridad y sobre <a href=\"https:\/\/armstrongyregion.com.ar\/diario\/siempre-sera-la-maestra-de-todos-hay-que-recordarla-con-alegria\/\" title=\"Read more\" >&#8230;<\/a><\/p>\n","protected":false},"author":2,"featured_media":6318,"comment_status":"open","ping_status":"open","sticky":false,"template":"","format":"standard","meta":{"_jetpack_memberships_contains_paid_content":false,"footnotes":"","jetpack_publicize_message":"","jetpack_publicize_feature_enabled":true,"jetpack_social_post_already_shared":false,"jetpack_social_options":{"image_generator_settings":{"template":"highway","default_image_id":0,"enabled":false},"version":2}},"categories":[6,1,3],"tags":[2473,3506,3507],"class_list":["post-6317","post","type-post","status-publish","format-standard","has-post-thumbnail","hentry","category-cultura-entretenimiento","category-diario-armstrong","category-region","tag-fallecio","tag-goritzzia","tag-piccinini"],"jetpack_publicize_connections":[],"jetpack_featured_media_url":"https:\/\/armstrongyregion.com.ar\/diario\/wp-content\/uploads\/2016\/02\/Stela-Clerici.jpg","jetpack_shortlink":"https:\/\/wp.me\/p62QDO-1DT","jetpack_sharing_enabled":true,"amp_enabled":true,"_links":{"self":[{"href":"https:\/\/armstrongyregion.com.ar\/diario\/wp-json\/wp\/v2\/posts\/6317","targetHints":{"allow":["GET"]}}],"collection":[{"href":"https:\/\/armstrongyregion.com.ar\/diario\/wp-json\/wp\/v2\/posts"}],"about":[{"href":"https:\/\/armstrongyregion.com.ar\/diario\/wp-json\/wp\/v2\/types\/post"}],"author":[{"embeddable":true,"href":"https:\/\/armstrongyregion.com.ar\/diario\/wp-json\/wp\/v2\/users\/2"}],"replies":[{"embeddable":true,"href":"https:\/\/armstrongyregion.com.ar\/diario\/wp-json\/wp\/v2\/comments?post=6317"}],"version-history":[{"count":0,"href":"https:\/\/armstrongyregion.com.ar\/diario\/wp-json\/wp\/v2\/posts\/6317\/revisions"}],"wp:featuredmedia":[{"embeddable":true,"href":"https:\/\/armstrongyregion.com.ar\/diario\/wp-json\/wp\/v2\/media\/6318"}],"wp:attachment":[{"href":"https:\/\/armstrongyregion.com.ar\/diario\/wp-json\/wp\/v2\/media?parent=6317"}],"wp:term":[{"taxonomy":"category","embeddable":true,"href":"https:\/\/armstrongyregion.com.ar\/diario\/wp-json\/wp\/v2\/categories?post=6317"},{"taxonomy":"post_tag","embeddable":true,"href":"https:\/\/armstrongyregion.com.ar\/diario\/wp-json\/wp\/v2\/tags?post=6317"}],"curies":[{"name":"wp","href":"https:\/\/api.w.org\/{rel}","templated":true}]}}