{"id":6297,"date":"2016-02-25T23:11:38","date_gmt":"2016-02-25T23:11:38","guid":{"rendered":"https:\/\/armstrongyregion.com.ar\/diario\/?p=6297"},"modified":"2016-02-25T23:11:38","modified_gmt":"2016-02-25T23:11:38","slug":"el-senador-guillermo-cornaglia-participo-de-la-xi-reunion-de-la-region-centro","status":"publish","type":"post","link":"https:\/\/armstrongyregion.com.ar\/diario\/el-senador-guillermo-cornaglia-participo-de-la-xi-reunion-de-la-region-centro\/","title":{"rendered":"El Senador Guillermo Cornaglia particip\u00f3 de la XI Reuni\u00f3n de la Regi\u00f3n Centro."},"content":{"rendered":"<p><a href=\"http:\/\/armstrongyregion.com.ar\/diario\/wp-content\/uploads\/2016\/02\/PARANA-1.jpg\"><img loading=\"lazy\" decoding=\"async\" class=\"alignnone size-medium wp-image-6298\" src=\"http:\/\/armstrongyregion.com.ar\/diario\/wp-content\/uploads\/2016\/02\/PARANA-1-300x169.jpg\" alt=\"PARANA 1\" width=\"300\" height=\"169\" srcset=\"https:\/\/armstrongyregion.com.ar\/diario\/wp-content\/uploads\/2016\/02\/PARANA-1-300x169.jpg 300w, https:\/\/armstrongyregion.com.ar\/diario\/wp-content\/uploads\/2016\/02\/PARANA-1.jpg 768w\" sizes=\"auto, (max-width: 300px) 100vw, 300px\" \/><\/a>Se realiz\u00f3 en la capital entrerriana, la XI Reuni\u00f3n \u00a0de la Regi\u00f3n Centro, en la que el gobernador de Santa Fe, Miguel Lifschitz, asumi\u00f3 la prepresidencia del grupo de mandatarios provinciales que tambi\u00e9n integran Juan Schiaretti y Gustavo Bordet, mandatarios de C\u00f3rdoba y Entre R\u00edos, respectivamente.<\/p>\n<p>Participaron representantes de los Entes y Secretar\u00edas de la Regi\u00f3n Centro, integrantes del Comit\u00e9 y de la Mesa Ejecutiva; autoridades del Consejo Federal de Inversiones, legisladores nacionales de la Regi\u00f3n Centro, legisladores provinciales de la Regi\u00f3n Centro; Intendentes y Presidentes Comunales, Rectores de las Universidades de la Regi\u00f3n Centro, Defensores del Pueblo de la Regi\u00f3n Centro, Representantes del Consejo de la Sociedad Civil, Invitados Especiales e Integrantes de la Secretar\u00eda T\u00e9cnica. Representando a nuestro departamento Belgrano, particip\u00f3 de la misma el Senador Pcial. Guillermo Cornaglia.<\/p>\n","protected":false},"excerpt":{"rendered":"<p>Se realiz\u00f3 en la capital entrerriana, la XI Reuni\u00f3n \u00a0de la Regi\u00f3n Centro, en la que el gobernador de Santa Fe, Miguel Lifschitz, asumi\u00f3 la prepresidencia del grupo de mandatarios provinciales que tambi\u00e9n integran Juan Schiaretti y Gustavo Bordet, mandatarios de C\u00f3rdoba y Entre R\u00edos, respectivamente. Participaron representantes de los Entes y Secretar\u00edas de la <a href=\"https:\/\/armstrongyregion.com.ar\/diario\/el-senador-guillermo-cornaglia-participo-de-la-xi-reunion-de-la-region-centro\/\" title=\"Read more\" >&#8230;<\/a><\/p>\n","protected":false},"author":2,"featured_media":6298,"comment_status":"open","ping_status":"open","sticky":false,"template":"","format":"standard","meta":{"_jetpack_memberships_contains_paid_content":false,"footnotes":"","jetpack_publicize_message":"","jetpack_publicize_feature_enabled":true,"jetpack_social_post_already_shared":false,"jetpack_social_options":{"image_generator_settings":{"template":"highway","default_image_id":0,"enabled":false},"version":2}},"categories":[1,7,3],"tags":[21,1324,19,31,992,388,462,3499],"class_list":["post-6297","post","type-post","status-publish","format-standard","has-post-thumbnail","hentry","category-diario-armstrong","category-politica","category-region","tag-centro","tag-cornaglia","tag-de","tag-la","tag-participo","tag-region-2","tag-reunion","tag-xi"],"jetpack_publicize_connections":[],"jetpack_featured_media_url":"https:\/\/armstrongyregion.com.ar\/diario\/wp-content\/uploads\/2016\/02\/PARANA-1.jpg","jetpack_shortlink":"https:\/\/wp.me\/p62QDO-1Dz","jetpack_sharing_enabled":true,"amp_enabled":true,"_links":{"self":[{"href":"https:\/\/armstrongyregion.com.ar\/diario\/wp-json\/wp\/v2\/posts\/6297","targetHints":{"allow":["GET"]}}],"collection":[{"href":"https:\/\/armstrongyregion.com.ar\/diario\/wp-json\/wp\/v2\/posts"}],"about":[{"href":"https:\/\/armstrongyregion.com.ar\/diario\/wp-json\/wp\/v2\/types\/post"}],"author":[{"embeddable":true,"href":"https:\/\/armstrongyregion.com.ar\/diario\/wp-json\/wp\/v2\/users\/2"}],"replies":[{"embeddable":true,"href":"https:\/\/armstrongyregion.com.ar\/diario\/wp-json\/wp\/v2\/comments?post=6297"}],"version-history":[{"count":0,"href":"https:\/\/armstrongyregion.com.ar\/diario\/wp-json\/wp\/v2\/posts\/6297\/revisions"}],"wp:featuredmedia":[{"embeddable":true,"href":"https:\/\/armstrongyregion.com.ar\/diario\/wp-json\/wp\/v2\/media\/6298"}],"wp:attachment":[{"href":"https:\/\/armstrongyregion.com.ar\/diario\/wp-json\/wp\/v2\/media?parent=6297"}],"wp:term":[{"taxonomy":"category","embeddable":true,"href":"https:\/\/armstrongyregion.com.ar\/diario\/wp-json\/wp\/v2\/categories?post=6297"},{"taxonomy":"post_tag","embeddable":true,"href":"https:\/\/armstrongyregion.com.ar\/diario\/wp-json\/wp\/v2\/tags?post=6297"}],"curies":[{"name":"wp","href":"https:\/\/api.w.org\/{rel}","templated":true}]}}