{"id":6290,"date":"2016-02-25T03:03:26","date_gmt":"2016-02-25T03:03:26","guid":{"rendered":"https:\/\/armstrongyregion.com.ar\/diario\/?p=6290"},"modified":"2016-02-25T03:03:26","modified_gmt":"2016-02-25T03:03:26","slug":"confederal-gaucho-este-fin-de-semana-en-armstrong","status":"publish","type":"post","link":"https:\/\/armstrongyregion.com.ar\/diario\/confederal-gaucho-este-fin-de-semana-en-armstrong\/","title":{"rendered":"Confederal Gaucho este fin de semana en Armstrong."},"content":{"rendered":"<p><a href=\"http:\/\/armstrongyregion.com.ar\/diario\/wp-content\/uploads\/2016\/02\/Roberto-Avoledo-.jpg\"><img loading=\"lazy\" decoding=\"async\" class=\"alignnone size-medium wp-image-6291\" src=\"http:\/\/armstrongyregion.com.ar\/diario\/wp-content\/uploads\/2016\/02\/Roberto-Avoledo--300x168.jpg\" alt=\"Roberto-Avoledo-\" width=\"300\" height=\"168\" srcset=\"https:\/\/armstrongyregion.com.ar\/diario\/wp-content\/uploads\/2016\/02\/Roberto-Avoledo--300x168.jpg 300w, https:\/\/armstrongyregion.com.ar\/diario\/wp-content\/uploads\/2016\/02\/Roberto-Avoledo-.jpg 960w\" sizes=\"auto, (max-width: 300px) 100vw, 300px\" \/><\/a>Seg\u00fan nos relata Roberto Avoledo, desde este viernes y hasta el domingo en nuestra ciudad, los representantes de 14 provincias argentinas debatir\u00e1n la problem\u00e1tica de la cuesti\u00f3n gauchesca, con la presencia de las autoridades de las Federaciones de gran parte del pa\u00eds, \u201cEstamos muy orgullosos de que estas actividades nuevamente lleguen a Armstrong, donde seremos anfitriones de esta verdadera fiesta gaucha\u201d nos dice Beto Avoledo Presidente de la Federaci\u00f3n Gaucha de Santa Fe.<br \/>\n\u201cEl s\u00e1bado realizaremos un paseo gaucho por las calles de la ciudad, centrando los espect\u00e1culos en el Centro Tradicionalista El Tropero, con la presencia de Orlando Vera Cruz. Adem\u00e1s habr\u00e1 destrezas gauchas s\u00e1bado y domingo para que la gente pueda disfrutar\u201d.<br \/>\nLa entrada es libre y gratuita (solo se cobrara el estacionamiento de los veh\u00edculos que accedan al predio.<\/p>\n","protected":false},"excerpt":{"rendered":"<p>Seg\u00fan nos relata Roberto Avoledo, desde este viernes y hasta el domingo en nuestra ciudad, los representantes de 14 provincias argentinas debatir\u00e1n la problem\u00e1tica de la cuesti\u00f3n gauchesca, con la presencia de las autoridades de las Federaciones de gran parte del pa\u00eds, \u201cEstamos muy orgullosos de que estas actividades nuevamente lleguen a Armstrong, donde seremos <a href=\"https:\/\/armstrongyregion.com.ar\/diario\/confederal-gaucho-este-fin-de-semana-en-armstrong\/\" title=\"Read more\" >&#8230;<\/a><\/p>\n","protected":false},"author":2,"featured_media":6291,"comment_status":"open","ping_status":"open","sticky":false,"template":"","format":"standard","meta":{"_jetpack_memberships_contains_paid_content":false,"footnotes":"","jetpack_publicize_message":"","jetpack_publicize_feature_enabled":true,"jetpack_social_post_already_shared":false,"jetpack_social_options":{"image_generator_settings":{"template":"highway","default_image_id":0,"enabled":false},"version":2}},"categories":[6,1,2,3],"tags":[3497,3495,19,15,162,1294,3496,919],"class_list":["post-6290","post","type-post","status-publish","format-standard","has-post-thumbnail","hentry","category-cultura-entretenimiento","category-diario-armstrong","category-locales","category-region","tag-amstrong","tag-confederal","tag-de","tag-en","tag-este","tag-fin","tag-gaucho","tag-semana"],"jetpack_publicize_connections":[],"jetpack_featured_media_url":"https:\/\/armstrongyregion.com.ar\/diario\/wp-content\/uploads\/2016\/02\/Roberto-Avoledo-.jpg","jetpack_shortlink":"https:\/\/wp.me\/p62QDO-1Ds","jetpack_sharing_enabled":true,"amp_enabled":true,"_links":{"self":[{"href":"https:\/\/armstrongyregion.com.ar\/diario\/wp-json\/wp\/v2\/posts\/6290","targetHints":{"allow":["GET"]}}],"collection":[{"href":"https:\/\/armstrongyregion.com.ar\/diario\/wp-json\/wp\/v2\/posts"}],"about":[{"href":"https:\/\/armstrongyregion.com.ar\/diario\/wp-json\/wp\/v2\/types\/post"}],"author":[{"embeddable":true,"href":"https:\/\/armstrongyregion.com.ar\/diario\/wp-json\/wp\/v2\/users\/2"}],"replies":[{"embeddable":true,"href":"https:\/\/armstrongyregion.com.ar\/diario\/wp-json\/wp\/v2\/comments?post=6290"}],"version-history":[{"count":0,"href":"https:\/\/armstrongyregion.com.ar\/diario\/wp-json\/wp\/v2\/posts\/6290\/revisions"}],"wp:featuredmedia":[{"embeddable":true,"href":"https:\/\/armstrongyregion.com.ar\/diario\/wp-json\/wp\/v2\/media\/6291"}],"wp:attachment":[{"href":"https:\/\/armstrongyregion.com.ar\/diario\/wp-json\/wp\/v2\/media?parent=6290"}],"wp:term":[{"taxonomy":"category","embeddable":true,"href":"https:\/\/armstrongyregion.com.ar\/diario\/wp-json\/wp\/v2\/categories?post=6290"},{"taxonomy":"post_tag","embeddable":true,"href":"https:\/\/armstrongyregion.com.ar\/diario\/wp-json\/wp\/v2\/tags?post=6290"}],"curies":[{"name":"wp","href":"https:\/\/api.w.org\/{rel}","templated":true}]}}