{"id":6280,"date":"2016-02-24T16:13:28","date_gmt":"2016-02-24T16:13:28","guid":{"rendered":"https:\/\/armstrongyregion.com.ar\/diario\/?p=6280"},"modified":"2016-02-24T16:13:28","modified_gmt":"2016-02-24T16:13:28","slug":"la-comuna-de-correa-presencio-la-presentacion-del-equipo-social-de-santa-fe","status":"publish","type":"post","link":"https:\/\/armstrongyregion.com.ar\/diario\/la-comuna-de-correa-presencio-la-presentacion-del-equipo-social-de-santa-fe\/","title":{"rendered":"La Comuna de Correa presenci\u00f3 La presentaci\u00f3n del Equipo Social de Santa Fe."},"content":{"rendered":"<p><a href=\"http:\/\/armstrongyregion.com.ar\/diario\/wp-content\/uploads\/2016\/02\/Presentacion-del-Equipo-Social.jpg\"><img loading=\"lazy\" decoding=\"async\" class=\"alignnone size-medium wp-image-6281\" src=\"http:\/\/armstrongyregion.com.ar\/diario\/wp-content\/uploads\/2016\/02\/Presentacion-del-Equipo-Social-300x203.jpg\" alt=\"Presentacion del Equipo Social\" width=\"300\" height=\"203\" srcset=\"https:\/\/armstrongyregion.com.ar\/diario\/wp-content\/uploads\/2016\/02\/Presentacion-del-Equipo-Social-300x203.jpg 300w, https:\/\/armstrongyregion.com.ar\/diario\/wp-content\/uploads\/2016\/02\/Presentacion-del-Equipo-Social.jpg 768w\" sizes=\"auto, (max-width: 300px) 100vw, 300px\" \/><\/a>Autoridades de la Comuna de Correa, junto a representantes del equipo de ni\u00f1ez, conocieron los lineamientos generales de las pol\u00edticas p\u00fablicas que se est\u00e1n implementando desde el Gobierno de Santa Fe.<br \/>\nEl pasado jueves por la ma\u00f1ana, el ministro de Desarrollo Social provincial, Jorge \u00c1lvarez, present\u00f3 al gabinete que lo acompa\u00f1ar\u00e1 durante su gesti\u00f3n a intendentes, presidentes comunales y actores de la mayor\u00eda de los gobiernos locales de la Regi\u00f3n 4.<br \/>\n\u201cEs muy importante poder fortalecer el v\u00ednculo entre las acciones provinciales y locales a traves de proyectos integrales. El hecho de tener un canal dialogo abierto de manera constante y continua genera una mayor respuesta a las demandas generadas desde los vecinos\u201d, destacaron desde el ejecutivo local.<br \/>\nEl encuentro desarrollado en la Sede de Gobierno de la ciudad de Rosario, cont\u00f3 con la presencia del presidente comunal, Fabi\u00e1n Cejas, la coordinadora del Equipo de Ni\u00f1ez, Daniela Carradori, la asesora legal, Mar\u00eda Eugenia Mattio y la psic\u00f3loga Mariana Virgillito.<br \/>\nEn el mismo acto se entregaron aportes a las localidades de Pueblo Esther, General Lagos, Mar\u00eda Susana y Casilda, que recibieron 115 mil pesos cada una para hacer frente a los da\u00f1os ocasionados por el clima. Por otro lado, Totoras y Correa recepcionaron fondos destinados a la asistencia alimentaria de trabajadores de industrias que cerraron sus puertas.<\/p>\n","protected":false},"excerpt":{"rendered":"<p>Autoridades de la Comuna de Correa, junto a representantes del equipo de ni\u00f1ez, conocieron los lineamientos generales de las pol\u00edticas p\u00fablicas que se est\u00e1n implementando desde el Gobierno de Santa Fe. El pasado jueves por la ma\u00f1ana, el ministro de Desarrollo Social provincial, Jorge \u00c1lvarez, present\u00f3 al gabinete que lo acompa\u00f1ar\u00e1 durante su gesti\u00f3n a <a href=\"https:\/\/armstrongyregion.com.ar\/diario\/la-comuna-de-correa-presencio-la-presentacion-del-equipo-social-de-santa-fe\/\" title=\"Read more\" >&#8230;<\/a><\/p>\n","protected":false},"author":2,"featured_media":6281,"comment_status":"open","ping_status":"open","sticky":false,"template":"","format":"standard","meta":{"_jetpack_memberships_contains_paid_content":false,"footnotes":"","jetpack_publicize_message":"","jetpack_publicize_feature_enabled":true,"jetpack_social_post_already_shared":false,"jetpack_social_options":{"image_generator_settings":{"template":"highway","default_image_id":0,"enabled":false},"version":2}},"categories":[1,2,3],"tags":[303,19,15,1406,77,581,399,1111],"class_list":["post-6280","post","type-post","status-publish","format-standard","has-post-thumbnail","hentry","category-diario-armstrong","category-locales","category-region","tag-correa","tag-de","tag-en","tag-equipo","tag-fe","tag-presentacion","tag-santa","tag-social"],"jetpack_publicize_connections":[],"jetpack_featured_media_url":"https:\/\/armstrongyregion.com.ar\/diario\/wp-content\/uploads\/2016\/02\/Presentacion-del-Equipo-Social.jpg","jetpack_shortlink":"https:\/\/wp.me\/p62QDO-1Di","jetpack_sharing_enabled":true,"amp_enabled":true,"_links":{"self":[{"href":"https:\/\/armstrongyregion.com.ar\/diario\/wp-json\/wp\/v2\/posts\/6280","targetHints":{"allow":["GET"]}}],"collection":[{"href":"https:\/\/armstrongyregion.com.ar\/diario\/wp-json\/wp\/v2\/posts"}],"about":[{"href":"https:\/\/armstrongyregion.com.ar\/diario\/wp-json\/wp\/v2\/types\/post"}],"author":[{"embeddable":true,"href":"https:\/\/armstrongyregion.com.ar\/diario\/wp-json\/wp\/v2\/users\/2"}],"replies":[{"embeddable":true,"href":"https:\/\/armstrongyregion.com.ar\/diario\/wp-json\/wp\/v2\/comments?post=6280"}],"version-history":[{"count":0,"href":"https:\/\/armstrongyregion.com.ar\/diario\/wp-json\/wp\/v2\/posts\/6280\/revisions"}],"wp:featuredmedia":[{"embeddable":true,"href":"https:\/\/armstrongyregion.com.ar\/diario\/wp-json\/wp\/v2\/media\/6281"}],"wp:attachment":[{"href":"https:\/\/armstrongyregion.com.ar\/diario\/wp-json\/wp\/v2\/media?parent=6280"}],"wp:term":[{"taxonomy":"category","embeddable":true,"href":"https:\/\/armstrongyregion.com.ar\/diario\/wp-json\/wp\/v2\/categories?post=6280"},{"taxonomy":"post_tag","embeddable":true,"href":"https:\/\/armstrongyregion.com.ar\/diario\/wp-json\/wp\/v2\/tags?post=6280"}],"curies":[{"name":"wp","href":"https:\/\/api.w.org\/{rel}","templated":true}]}}