{"id":628,"date":"2015-01-29T10:24:34","date_gmt":"2015-01-29T10:24:34","guid":{"rendered":"https:\/\/armstrongyregion.com.ar\/diario\/?p=628"},"modified":"2015-01-29T10:26:09","modified_gmt":"2015-01-29T10:26:09","slug":"invitacion-de-la-comunidad-de-pueblos-originarios-a-la-fiesta-nacional-de-la-pacha-mama","status":"publish","type":"post","link":"https:\/\/armstrongyregion.com.ar\/diario\/invitacion-de-la-comunidad-de-pueblos-originarios-a-la-fiesta-nacional-de-la-pacha-mama\/","title":{"rendered":"Invitaci\u00f3n de la Comunidad de Pueblos Originarios a la Fiesta Nacional de la Pacha Mama."},"content":{"rendered":"<p><a href=\"http:\/\/armstrongyregion.com.ar\/diario\/wp-content\/uploads\/2015\/01\/Lifschitz-en-Armstrong-011.jpg\"><img loading=\"lazy\" decoding=\"async\" class=\"alignnone size-medium wp-image-629\" src=\"http:\/\/armstrongyregion.com.ar\/diario\/wp-content\/uploads\/2015\/01\/Lifschitz-en-Armstrong-011-300x229.jpg\" alt=\"Beto Avoledo\" width=\"300\" height=\"229\" srcset=\"https:\/\/armstrongyregion.com.ar\/diario\/wp-content\/uploads\/2015\/01\/Lifschitz-en-Armstrong-011-300x229.jpg 300w, https:\/\/armstrongyregion.com.ar\/diario\/wp-content\/uploads\/2015\/01\/Lifschitz-en-Armstrong-011.jpg 655w\" sizes=\"auto, (max-width: 300px) 100vw, 300px\" \/><\/a>El presidente de la Federaci\u00f3n Gaucha de Santa Fe, Roberto Avoledo explic\u00f3 que la presencia de un integrante de la Comunidad de Pueblos Originarios: \u201cLa visita de hoy se debe a que trae la invitaci\u00f3n para estar presente del 12 al 17 de febrero en la fiesta nacional de la \u201cPacha Mama\u201d, que se realiza en Amaicha Del Valle, viendo la posibilidad de estar en la misma.\u201d<br \/>\nDani Andrade destac\u00f3 como es su vinculaci\u00f3n con esta regi\u00f3n del pa\u00eds al decir: \u201cSoy representante de la comunidad originaria Los Amaicha, de la localidad de Amaicha del Valle, Tucum\u00e1n, nosotros desde ah\u00ed estamos tratando de organizar a todos los pueblos originarios del pa\u00eds, tenemos la suerte que nuestro cacique tiene una afinidad con nuestra presidente y con el ex presidente tambi\u00e9n la tenia, con ellos realizaron interesantes trabajos a favor de las comunidades originarias, ya que a trav\u00e9s de la Constituci\u00f3n Nacional permite la organizaci\u00f3n de las comunidades y que las provincias les vayan devolviendo las tierras que pose\u00edan.\u201d<br \/>\n\u201cPor ello estamos trabajando desde Tucum\u00e1n en todo el pa\u00eds para que las comunidades se organicen y hoy gracias a la Pacha ya han florecido, ya se han reorganizado las comunidades, las familias y ya contamos con casi 1200 pueblos originarios en todo el pa\u00eds, fundamentalmente en el NOA y NEA\u201d, agreg\u00f3.<br \/>\nTambi\u00e9n dijo que: \u201cNuestra afinidad con el gaucho, por all\u00ed muchos no conocen, en este caso nosotros reivindicamos a los pueblos de Quilmes, que esta pegado a nuestra comunidad, en el a\u00f1o 1993 hicimos una cabalgata y llegamos por este pago y Beto Avoledo nos recibi\u00f3 y entablamos una amistad, hemos compartido varios encuentros en distintas partes del pa\u00eds y entre la Federaci\u00f3n Gaucha y las Comunidades Originarias se ha formado un fuerte lazo que nos une.\u201d<br \/>\n\u201cMi presencia, continuo Andrade, se debe a que le he tra\u00eddo la invitaci\u00f3n a Avoledo y su familia para que participe de la celebraci\u00f3n de la Fiesta nacional de la Pacha Mama, que se realiza en febrero en Amaicha.\u201d<br \/>\nSobre el tema de la discriminaci\u00f3n expres\u00f3: \u201cHoy en d\u00eda est\u00e1 bastante limado, se nota un poco menos, no digamos del todo, ya que todav\u00eda se encuentran personas o instituciones reticentes a la integraci\u00f3n.\u201d<\/p>\n","protected":false},"excerpt":{"rendered":"<p>El presidente de la Federaci\u00f3n Gaucha de Santa Fe, Roberto Avoledo explic\u00f3 que la presencia de un integrante de la Comunidad de Pueblos Originarios: \u201cLa visita de hoy se debe a que trae la invitaci\u00f3n para estar presente del 12 al 17 de febrero en la fiesta nacional de la \u201cPacha Mama\u201d, que se realiza <a href=\"https:\/\/armstrongyregion.com.ar\/diario\/invitacion-de-la-comunidad-de-pueblos-originarios-a-la-fiesta-nacional-de-la-pacha-mama\/\" title=\"Read more\" >&#8230;<\/a><\/p>\n","protected":false},"author":2,"featured_media":629,"comment_status":"open","ping_status":"open","sticky":false,"template":"","format":"standard","meta":{"_jetpack_memberships_contains_paid_content":false,"footnotes":"","jetpack_publicize_message":"","jetpack_publicize_feature_enabled":true,"jetpack_social_post_already_shared":false,"jetpack_social_options":{"image_generator_settings":{"template":"highway","default_image_id":0,"enabled":false},"version":2}},"categories":[1,2],"tags":[33,617,19,620,616,31,623,621,619,622,618],"class_list":["post-628","post","type-post","status-publish","format-standard","has-post-thumbnail","hentry","category-diario-armstrong","category-locales","tag-a","tag-comunidad","tag-de","tag-fiesta","tag-invitacion","tag-la","tag-mama","tag-nacional","tag-originarios","tag-pacha","tag-pueblos"],"jetpack_publicize_connections":[],"jetpack_featured_media_url":"https:\/\/armstrongyregion.com.ar\/diario\/wp-content\/uploads\/2015\/01\/Lifschitz-en-Armstrong-011.jpg","jetpack_shortlink":"https:\/\/wp.me\/p62QDO-a8","jetpack_sharing_enabled":true,"amp_enabled":true,"_links":{"self":[{"href":"https:\/\/armstrongyregion.com.ar\/diario\/wp-json\/wp\/v2\/posts\/628","targetHints":{"allow":["GET"]}}],"collection":[{"href":"https:\/\/armstrongyregion.com.ar\/diario\/wp-json\/wp\/v2\/posts"}],"about":[{"href":"https:\/\/armstrongyregion.com.ar\/diario\/wp-json\/wp\/v2\/types\/post"}],"author":[{"embeddable":true,"href":"https:\/\/armstrongyregion.com.ar\/diario\/wp-json\/wp\/v2\/users\/2"}],"replies":[{"embeddable":true,"href":"https:\/\/armstrongyregion.com.ar\/diario\/wp-json\/wp\/v2\/comments?post=628"}],"version-history":[{"count":0,"href":"https:\/\/armstrongyregion.com.ar\/diario\/wp-json\/wp\/v2\/posts\/628\/revisions"}],"wp:featuredmedia":[{"embeddable":true,"href":"https:\/\/armstrongyregion.com.ar\/diario\/wp-json\/wp\/v2\/media\/629"}],"wp:attachment":[{"href":"https:\/\/armstrongyregion.com.ar\/diario\/wp-json\/wp\/v2\/media?parent=628"}],"wp:term":[{"taxonomy":"category","embeddable":true,"href":"https:\/\/armstrongyregion.com.ar\/diario\/wp-json\/wp\/v2\/categories?post=628"},{"taxonomy":"post_tag","embeddable":true,"href":"https:\/\/armstrongyregion.com.ar\/diario\/wp-json\/wp\/v2\/tags?post=628"}],"curies":[{"name":"wp","href":"https:\/\/api.w.org\/{rel}","templated":true}]}}