{"id":6277,"date":"2016-02-24T16:06:28","date_gmt":"2016-02-24T16:06:28","guid":{"rendered":"https:\/\/armstrongyregion.com.ar\/diario\/?p=6277"},"modified":"2016-02-24T16:06:28","modified_gmt":"2016-02-24T16:06:28","slug":"claudia-giaccone-acompano-a-la-pta-comunal-de-alcorta-en-la-inauguracion-de-molino-harinero","status":"publish","type":"post","link":"https:\/\/armstrongyregion.com.ar\/diario\/claudia-giaccone-acompano-a-la-pta-comunal-de-alcorta-en-la-inauguracion-de-molino-harinero\/","title":{"rendered":"Claudia Giaccone acompa\u00f1o a la pta. Comunal de Alcorta  en la inauguraci\u00f3n de Molino harinero."},"content":{"rendered":"<p><a href=\"http:\/\/armstrongyregion.com.ar\/diario\/wp-content\/uploads\/2016\/02\/alcorta-molino-mariaeugenia.jpg\"><img loading=\"lazy\" decoding=\"async\" class=\"alignnone size-medium wp-image-6278\" src=\"http:\/\/armstrongyregion.com.ar\/diario\/wp-content\/uploads\/2016\/02\/alcorta-molino-mariaeugenia-300x210.jpg\" alt=\"alcorta-molino-mariaeugenia\" width=\"300\" height=\"210\" srcset=\"https:\/\/armstrongyregion.com.ar\/diario\/wp-content\/uploads\/2016\/02\/alcorta-molino-mariaeugenia-300x210.jpg 300w, https:\/\/armstrongyregion.com.ar\/diario\/wp-content\/uploads\/2016\/02\/alcorta-molino-mariaeugenia.jpg 768w\" sizes=\"auto, (max-width: 300px) 100vw, 300px\" \/><\/a>La diputada provincial Claudia Giaccone estuvo en el acto de inauguraci\u00f3n del Molino Harinero Multicereal de la Cooperativa de Productores Agrarios Limitada de Alcorta, acompa\u00f1ando a la Presidenta Comunal de Alcorta, Mar\u00eda Eugenia de la Fuente (FJpV). En la oportunidad el Gobernador Miguel Lifschitz, hizo entrega de un aporte no reintegrable de 1.350.000 pesos a la comuna que ser\u00e1n utilizados para generar un fondo rotatorio.<br \/>\n\u00abEsta es una buena noticia, ya que significa diversificaci\u00f3n productiva e incorporaci\u00f3n de valor agregado en un emprendimiento ubicado en el interior santafesino, algo que siempre ha estado en nuestras propuestas. Y sobre todo cuando se trata de expresiones de agricultura familiar, de peque\u00f1os productores organizados cooperativamente, que de esta manera pueden mejorar su rentabilidad y originar nuevas fuentes de trabajo\u00bb, dijo Giaccone.<br \/>\n\u00abAgradezco a la compa\u00f1era Mar\u00eda Eugenia, primera mujer electa como jefa comunal de Alcorta, por invitarme a este hecho destacado para la regi\u00f3n\u00bb, continu\u00f3 diciendo la legisladora, expresando que \u00abes una interesante iniciativa del Gobernador Lifschitz confiar recursos a la comuna para iniciar un fondo rotativo, que inicialmente otorgar\u00e1 un pr\u00e9stamo a la Cooperativa pero con su reintegro podr\u00e1 financiar nuevos proyectos productivos\u00bb.<\/p>\n","protected":false},"excerpt":{"rendered":"<p>La diputada provincial Claudia Giaccone estuvo en el acto de inauguraci\u00f3n del Molino Harinero Multicereal de la Cooperativa de Productores Agrarios Limitada de Alcorta, acompa\u00f1ando a la Presidenta Comunal de Alcorta, Mar\u00eda Eugenia de la Fuente (FJpV). En la oportunidad el Gobernador Miguel Lifschitz, hizo entrega de un aporte no reintegrable de 1.350.000 pesos a <a href=\"https:\/\/armstrongyregion.com.ar\/diario\/claudia-giaccone-acompano-a-la-pta-comunal-de-alcorta-en-la-inauguracion-de-molino-harinero\/\" title=\"Read more\" >&#8230;<\/a><\/p>\n","protected":false},"author":2,"featured_media":6278,"comment_status":"open","ping_status":"open","sticky":false,"template":"","format":"standard","meta":{"_jetpack_memberships_contains_paid_content":false,"footnotes":"","jetpack_publicize_message":"","jetpack_publicize_feature_enabled":true,"jetpack_social_post_already_shared":false,"jetpack_social_options":{"image_generator_settings":{"template":"highway","default_image_id":0,"enabled":false},"version":2}},"categories":[1,7,3],"tags":[19,1019,3491,224,3490,992],"class_list":["post-6277","post","type-post","status-publish","format-standard","has-post-thumbnail","hentry","category-diario-armstrong","category-politica","category-region","tag-de","tag-giaccone","tag-harinero","tag-inauguracion","tag-molino","tag-participo"],"jetpack_publicize_connections":[],"jetpack_featured_media_url":"https:\/\/armstrongyregion.com.ar\/diario\/wp-content\/uploads\/2016\/02\/alcorta-molino-mariaeugenia.jpg","jetpack_shortlink":"https:\/\/wp.me\/p62QDO-1Df","jetpack_sharing_enabled":true,"amp_enabled":true,"_links":{"self":[{"href":"https:\/\/armstrongyregion.com.ar\/diario\/wp-json\/wp\/v2\/posts\/6277","targetHints":{"allow":["GET"]}}],"collection":[{"href":"https:\/\/armstrongyregion.com.ar\/diario\/wp-json\/wp\/v2\/posts"}],"about":[{"href":"https:\/\/armstrongyregion.com.ar\/diario\/wp-json\/wp\/v2\/types\/post"}],"author":[{"embeddable":true,"href":"https:\/\/armstrongyregion.com.ar\/diario\/wp-json\/wp\/v2\/users\/2"}],"replies":[{"embeddable":true,"href":"https:\/\/armstrongyregion.com.ar\/diario\/wp-json\/wp\/v2\/comments?post=6277"}],"version-history":[{"count":0,"href":"https:\/\/armstrongyregion.com.ar\/diario\/wp-json\/wp\/v2\/posts\/6277\/revisions"}],"wp:featuredmedia":[{"embeddable":true,"href":"https:\/\/armstrongyregion.com.ar\/diario\/wp-json\/wp\/v2\/media\/6278"}],"wp:attachment":[{"href":"https:\/\/armstrongyregion.com.ar\/diario\/wp-json\/wp\/v2\/media?parent=6277"}],"wp:term":[{"taxonomy":"category","embeddable":true,"href":"https:\/\/armstrongyregion.com.ar\/diario\/wp-json\/wp\/v2\/categories?post=6277"},{"taxonomy":"post_tag","embeddable":true,"href":"https:\/\/armstrongyregion.com.ar\/diario\/wp-json\/wp\/v2\/tags?post=6277"}],"curies":[{"name":"wp","href":"https:\/\/api.w.org\/{rel}","templated":true}]}}