{"id":6274,"date":"2016-02-24T11:49:15","date_gmt":"2016-02-24T11:49:15","guid":{"rendered":"https:\/\/armstrongyregion.com.ar\/diario\/?p=6274"},"modified":"2016-02-24T11:49:15","modified_gmt":"2016-02-24T11:49:15","slug":"ultima-semana-de-verano-en-tu-ciudad-y-bicicleteada-nocturna","status":"publish","type":"post","link":"https:\/\/armstrongyregion.com.ar\/diario\/ultima-semana-de-verano-en-tu-ciudad-y-bicicleteada-nocturna\/","title":{"rendered":"\u00daltima semana de Verano en Tu Ciudad y bicicleteada nocturna."},"content":{"rendered":"<p><a href=\"http:\/\/armstrongyregion.com.ar\/diario\/wp-content\/uploads\/2016\/02\/DSC_0534.jpg\"><img loading=\"lazy\" decoding=\"async\" class=\"alignnone size-medium wp-image-6275\" src=\"http:\/\/armstrongyregion.com.ar\/diario\/wp-content\/uploads\/2016\/02\/DSC_0534-300x200.jpg\" alt=\"Carla-Airasca-Bicicleteada-\" width=\"300\" height=\"200\" srcset=\"https:\/\/armstrongyregion.com.ar\/diario\/wp-content\/uploads\/2016\/02\/DSC_0534-300x200.jpg 300w, https:\/\/armstrongyregion.com.ar\/diario\/wp-content\/uploads\/2016\/02\/DSC_0534-1024x683.jpg 1024w\" sizes=\"auto, (max-width: 300px) 100vw, 300px\" \/><\/a>La directora del Dto de la Juventud de la Municipalidad de Armstrong, Daiana Cadoppi, hizo un balance luego de las tres primeras y exitosas semanas del ciclo Verano en Tu Ciudad.<\/p>\n<p>Expres\u00f3 que \u201cel balance es altamente positivo debido a la gran concurrencia de vecinos que se sumaron a participar de estas actividades\u201d y continu\u00f3 que el proximo mi\u00e9rcoles 24 de febrero comenzar\u00e1 la cuarta y \u00faltima de este a\u00f1o 2016, con m\u00e1s actividades pensadas para que la familia armstronense pueda participar.<\/p>\n<p>La propuesta para el d\u00eda 24 es una bicicleteada nocturna, guiada como en otras oportunidades por la profesora Carla Airasca y con el acompa\u00f1amiento de agentes de tr\u00e1nsito municipales, que partir\u00e1 desde el Gimnasio Movimiento 130, ubicado en calle Pio Chiodi esquina Flotron, recorrer\u00e1 diversas arterias de la ciudad incentivando a m\u00e1s p\u00fablico para que sume, y todos arribar\u00e1n a las instalaciones de El Tropero, ubicado en calle Schaer.<\/p>\n<p>All\u00ed, adem\u00e1s de compartir un grato momento, se podr\u00e1 cenar colaborando con el grupo de equinoterapia de dicha instituci\u00f3n, que tendr\u00e1 el servicio de buffet a disposici\u00f3n de los presentes.<\/p>\n<p>Por otra parte, el jueves 25 de febrero, finalizar\u00e1 el ciclo Cinerama con la proyecci\u00f3n de la pel\u00edcula \u201cAviones 2\u201d, en la Plaza 5 de Junio donde tambi\u00e9n habr\u00e1 pochoclos.<\/p>\n<p>Ambas actividades son con entrada libre y gratuita. Comenzar\u00e1n a las 21 hs. y quedar\u00e1n suspendidas en caso de lluvia.<\/p>\n<p>&nbsp;<\/p>\n<p>&nbsp;<\/p>\n","protected":false},"excerpt":{"rendered":"<p>La directora del Dto de la Juventud de la Municipalidad de Armstrong, Daiana Cadoppi, hizo un balance luego de las tres primeras y exitosas semanas del ciclo Verano en Tu Ciudad. Expres\u00f3 que \u201cel balance es altamente positivo debido a la gran concurrencia de vecinos que se sumaron a participar de estas actividades\u201d y continu\u00f3 <a href=\"https:\/\/armstrongyregion.com.ar\/diario\/ultima-semana-de-verano-en-tu-ciudad-y-bicicleteada-nocturna\/\" title=\"Read more\" >&#8230;<\/a><\/p>\n","protected":false},"author":2,"featured_media":6275,"comment_status":"open","ping_status":"open","sticky":false,"template":"","format":"standard","meta":{"_jetpack_memberships_contains_paid_content":false,"footnotes":"","jetpack_publicize_message":"","jetpack_publicize_feature_enabled":true,"jetpack_social_post_already_shared":false,"jetpack_social_options":{"image_generator_settings":{"template":"highway","default_image_id":0,"enabled":false},"version":2}},"categories":[6,1,2],"tags":[3185,390,19,15,3489,919,584,667,264,13],"class_list":["post-6274","post","type-post","status-publish","format-standard","has-post-thumbnail","hentry","category-cultura-entretenimiento","category-diario-armstrong","category-locales","tag-bicicleteada","tag-ciudad","tag-de","tag-en","tag-nocturna","tag-semana","tag-tu","tag-ultima","tag-verano","tag-y"],"jetpack_publicize_connections":[],"jetpack_featured_media_url":"https:\/\/armstrongyregion.com.ar\/diario\/wp-content\/uploads\/2016\/02\/DSC_0534.jpg","jetpack_shortlink":"https:\/\/wp.me\/p62QDO-1Dc","jetpack_sharing_enabled":true,"amp_enabled":true,"_links":{"self":[{"href":"https:\/\/armstrongyregion.com.ar\/diario\/wp-json\/wp\/v2\/posts\/6274","targetHints":{"allow":["GET"]}}],"collection":[{"href":"https:\/\/armstrongyregion.com.ar\/diario\/wp-json\/wp\/v2\/posts"}],"about":[{"href":"https:\/\/armstrongyregion.com.ar\/diario\/wp-json\/wp\/v2\/types\/post"}],"author":[{"embeddable":true,"href":"https:\/\/armstrongyregion.com.ar\/diario\/wp-json\/wp\/v2\/users\/2"}],"replies":[{"embeddable":true,"href":"https:\/\/armstrongyregion.com.ar\/diario\/wp-json\/wp\/v2\/comments?post=6274"}],"version-history":[{"count":0,"href":"https:\/\/armstrongyregion.com.ar\/diario\/wp-json\/wp\/v2\/posts\/6274\/revisions"}],"wp:featuredmedia":[{"embeddable":true,"href":"https:\/\/armstrongyregion.com.ar\/diario\/wp-json\/wp\/v2\/media\/6275"}],"wp:attachment":[{"href":"https:\/\/armstrongyregion.com.ar\/diario\/wp-json\/wp\/v2\/media?parent=6274"}],"wp:term":[{"taxonomy":"category","embeddable":true,"href":"https:\/\/armstrongyregion.com.ar\/diario\/wp-json\/wp\/v2\/categories?post=6274"},{"taxonomy":"post_tag","embeddable":true,"href":"https:\/\/armstrongyregion.com.ar\/diario\/wp-json\/wp\/v2\/tags?post=6274"}],"curies":[{"name":"wp","href":"https:\/\/api.w.org\/{rel}","templated":true}]}}