{"id":6271,"date":"2016-02-23T14:31:10","date_gmt":"2016-02-23T14:31:10","guid":{"rendered":"https:\/\/armstrongyregion.com.ar\/diario\/?p=6271"},"modified":"2016-02-23T14:31:10","modified_gmt":"2016-02-23T14:31:10","slug":"emiliano-gramigna-promueve-un-reclamo-a-empresa-de-telefonia-celular-que-opera-en-nuestra-ciudad","status":"publish","type":"post","link":"https:\/\/armstrongyregion.com.ar\/diario\/emiliano-gramigna-promueve-un-reclamo-a-empresa-de-telefonia-celular-que-opera-en-nuestra-ciudad\/","title":{"rendered":"Emiliano Gramigna promueve un reclamo a empresa de telefon\u00eda celular que opera en nuestra ciudad."},"content":{"rendered":"<p><a href=\"http:\/\/armstrongyregion.com.ar\/diario\/wp-content\/uploads\/2016\/02\/Emiliano-Gramigna-Concejal-.jpg\"><img loading=\"lazy\" decoding=\"async\" class=\"alignnone size-medium wp-image-6272\" src=\"http:\/\/armstrongyregion.com.ar\/diario\/wp-content\/uploads\/2016\/02\/Emiliano-Gramigna-Concejal--300x218.jpg\" alt=\"Emiliano-Gramigna-Concejal-\" width=\"300\" height=\"218\" srcset=\"https:\/\/armstrongyregion.com.ar\/diario\/wp-content\/uploads\/2016\/02\/Emiliano-Gramigna-Concejal--300x218.jpg 300w, https:\/\/armstrongyregion.com.ar\/diario\/wp-content\/uploads\/2016\/02\/Emiliano-Gramigna-Concejal-.jpg 768w\" sizes=\"auto, (max-width: 300px) 100vw, 300px\" \/><\/a>El Concejal Emiliano Gramigna presento una iniciativa para realizar un reclamo ante la compa\u00f1\u00eda de telefon\u00eda celular Personal S.A. mediante una recolecci\u00f3n de firmas de los abonados afectados por el mal funcionamiento del servicio.<br \/>\nEn di\u00e1logo con Gramigna manifest\u00f3, \u201cComo Concejal tengo la obligaci\u00f3n de defender los derechos de los ciudadanos de Armstrong, en \u00e9ste caso en su rol de usuarios de un servicio que es deficiente\u201d.<br \/>\nLa nota de reclamo y las firmas de usuarios ser\u00e1n presentadas ante la oficina de Defensa del Consumidor de la Jurisdicci\u00f3n competente, para que la misma resulte de intermediadora entre la empresa y los usuarios.<br \/>\nLas planillas para realizar las firmas estar\u00e1n disponibles en diferentes comercios e instituciones de nuestra ciudad.<br \/>\nA continuaci\u00f3n muestra de planilla de firma.<br \/>\nLos abajo firmantes manifiestan su disconformidad con la prestaci\u00f3n del servicio de telefon\u00eda celular PERSONAL S.A.<\/p>\n<p>NOMBRE DOCUMENTO FIRMA<\/p>\n","protected":false},"excerpt":{"rendered":"<p>El Concejal Emiliano Gramigna presento una iniciativa para realizar un reclamo ante la compa\u00f1\u00eda de telefon\u00eda celular Personal S.A. mediante una recolecci\u00f3n de firmas de los abonados afectados por el mal funcionamiento del servicio. En di\u00e1logo con Gramigna manifest\u00f3, \u201cComo Concejal tengo la obligaci\u00f3n de defender los derechos de los ciudadanos de Armstrong, en \u00e9ste <a href=\"https:\/\/armstrongyregion.com.ar\/diario\/emiliano-gramigna-promueve-un-reclamo-a-empresa-de-telefonia-celular-que-opera-en-nuestra-ciudad\/\" title=\"Read more\" >&#8230;<\/a><\/p>\n","protected":false},"author":2,"featured_media":6272,"comment_status":"open","ping_status":"open","sticky":false,"template":"","format":"standard","meta":{"_jetpack_memberships_contains_paid_content":false,"footnotes":"","jetpack_publicize_message":"","jetpack_publicize_feature_enabled":true,"jetpack_social_post_already_shared":false,"jetpack_social_options":{"image_generator_settings":{"template":"highway","default_image_id":0,"enabled":false},"version":2}},"categories":[1,2,7,3],"tags":[33,3082,390,19,141,2090,15,979,91,3488,2658,108,166,3487,192],"class_list":["post-6271","post","type-post","status-publish","format-standard","has-post-thumbnail","hentry","category-diario-armstrong","category-locales","category-politica","category-region","tag-a","tag-celular","tag-ciudad","tag-de","tag-emiliano","tag-empresa","tag-en","tag-gramigna","tag-nuestra","tag-opera","tag-promueve","tag-que","tag-reclamo","tag-telefonia","tag-un"],"jetpack_publicize_connections":[],"jetpack_featured_media_url":"https:\/\/armstrongyregion.com.ar\/diario\/wp-content\/uploads\/2016\/02\/Emiliano-Gramigna-Concejal-.jpg","jetpack_shortlink":"https:\/\/wp.me\/p62QDO-1D9","jetpack_sharing_enabled":true,"amp_enabled":true,"_links":{"self":[{"href":"https:\/\/armstrongyregion.com.ar\/diario\/wp-json\/wp\/v2\/posts\/6271","targetHints":{"allow":["GET"]}}],"collection":[{"href":"https:\/\/armstrongyregion.com.ar\/diario\/wp-json\/wp\/v2\/posts"}],"about":[{"href":"https:\/\/armstrongyregion.com.ar\/diario\/wp-json\/wp\/v2\/types\/post"}],"author":[{"embeddable":true,"href":"https:\/\/armstrongyregion.com.ar\/diario\/wp-json\/wp\/v2\/users\/2"}],"replies":[{"embeddable":true,"href":"https:\/\/armstrongyregion.com.ar\/diario\/wp-json\/wp\/v2\/comments?post=6271"}],"version-history":[{"count":0,"href":"https:\/\/armstrongyregion.com.ar\/diario\/wp-json\/wp\/v2\/posts\/6271\/revisions"}],"wp:featuredmedia":[{"embeddable":true,"href":"https:\/\/armstrongyregion.com.ar\/diario\/wp-json\/wp\/v2\/media\/6272"}],"wp:attachment":[{"href":"https:\/\/armstrongyregion.com.ar\/diario\/wp-json\/wp\/v2\/media?parent=6271"}],"wp:term":[{"taxonomy":"category","embeddable":true,"href":"https:\/\/armstrongyregion.com.ar\/diario\/wp-json\/wp\/v2\/categories?post=6271"},{"taxonomy":"post_tag","embeddable":true,"href":"https:\/\/armstrongyregion.com.ar\/diario\/wp-json\/wp\/v2\/tags?post=6271"}],"curies":[{"name":"wp","href":"https:\/\/api.w.org\/{rel}","templated":true}]}}