{"id":6263,"date":"2016-02-23T14:02:51","date_gmt":"2016-02-23T14:02:51","guid":{"rendered":"https:\/\/armstrongyregion.com.ar\/diario\/?p=6263"},"modified":"2016-02-23T14:02:51","modified_gmt":"2016-02-23T14:02:51","slug":"canada-de-gomez-municipio-firmo-convenio-con-vialidad-provincial","status":"publish","type":"post","link":"https:\/\/armstrongyregion.com.ar\/diario\/canada-de-gomez-municipio-firmo-convenio-con-vialidad-provincial\/","title":{"rendered":"Ca\u00f1ada de G\u00f3mez. Municipio firm\u00f3 convenio con Vialidad Provincial."},"content":{"rendered":"<p><a href=\"http:\/\/armstrongyregion.com.ar\/diario\/wp-content\/uploads\/2016\/02\/De-Gasperi-.jpg\"><img loading=\"lazy\" decoding=\"async\" class=\"alignnone size-medium wp-image-6264\" src=\"http:\/\/armstrongyregion.com.ar\/diario\/wp-content\/uploads\/2016\/02\/De-Gasperi--300x180.jpg\" alt=\"De Gasperi-\" width=\"300\" height=\"180\" srcset=\"https:\/\/armstrongyregion.com.ar\/diario\/wp-content\/uploads\/2016\/02\/De-Gasperi--300x180.jpg 300w, https:\/\/armstrongyregion.com.ar\/diario\/wp-content\/uploads\/2016\/02\/De-Gasperi-.jpg 768w\" sizes=\"auto, (max-width: 300px) 100vw, 300px\" \/><\/a>Son para el mantenimiento y obras en rutas provinciales. El acto se realiz\u00f3 en una reuni\u00f3n entre autoridades municipales de la Regi\u00f3n IV y funcionarios de la DPV.<\/p>\n<p>La secretar\u00eda de Obras P\u00fablicas Anal\u00eda De G\u00e1speri particip\u00f3 junto a otros representantes de municipios y comunas que integran la Regi\u00f3n IV, de un encuentro con autoridades de la Direcci\u00f3n Provincial de Vialidad.<\/p>\n<p>En el encuentro, junto al administrador de la DPV Pablo Seghezzo y el jefe de la Regi\u00f3n VI Carlos Casali se abord\u00f3 la renovaci\u00f3n de convenios y proyecci\u00f3n de obras viales en las rutas y caminos de jurisdicci\u00f3n provincial en la zona.<\/p>\n<p>\u201cFue un encuentro muy satisfactorio ya que se pudieron suscribir convenios para el mantenimiento de caminos provinciales de nuestra<\/p>\n<p>regi\u00f3n\u201d, expres\u00f3 De G\u00e1speri luego de la reuni\u00f3n.<\/p>\n<p>&nbsp;<\/p>\n","protected":false},"excerpt":{"rendered":"<p>Son para el mantenimiento y obras en rutas provinciales. El acto se realiz\u00f3 en una reuni\u00f3n entre autoridades municipales de la Regi\u00f3n IV y funcionarios de la DPV. La secretar\u00eda de Obras P\u00fablicas Anal\u00eda De G\u00e1speri particip\u00f3 junto a otros representantes de municipios y comunas que integran la Regi\u00f3n IV, de un encuentro con autoridades <a href=\"https:\/\/armstrongyregion.com.ar\/diario\/canada-de-gomez-municipio-firmo-convenio-con-vialidad-provincial\/\" title=\"Read more\" >&#8230;<\/a><\/p>\n","protected":false},"author":2,"featured_media":6264,"comment_status":"open","ping_status":"open","sticky":false,"template":"","format":"standard","meta":{"_jetpack_memberships_contains_paid_content":false,"footnotes":"","jetpack_publicize_message":"","jetpack_publicize_feature_enabled":true,"jetpack_social_post_already_shared":false,"jetpack_social_options":{"image_generator_settings":{"template":"highway","default_image_id":0,"enabled":false},"version":2}},"categories":[1,3],"tags":[163,100,1081,2376,928,2267],"class_list":["post-6263","post","type-post","status-publish","format-standard","has-post-thumbnail","hentry","category-diario-armstrong","category-region","tag-canada","tag-con","tag-convenio","tag-firmo","tag-provincial","tag-vialidad"],"jetpack_publicize_connections":[],"jetpack_featured_media_url":"https:\/\/armstrongyregion.com.ar\/diario\/wp-content\/uploads\/2016\/02\/De-Gasperi-.jpg","jetpack_shortlink":"https:\/\/wp.me\/p62QDO-1D1","jetpack_sharing_enabled":true,"amp_enabled":true,"_links":{"self":[{"href":"https:\/\/armstrongyregion.com.ar\/diario\/wp-json\/wp\/v2\/posts\/6263","targetHints":{"allow":["GET"]}}],"collection":[{"href":"https:\/\/armstrongyregion.com.ar\/diario\/wp-json\/wp\/v2\/posts"}],"about":[{"href":"https:\/\/armstrongyregion.com.ar\/diario\/wp-json\/wp\/v2\/types\/post"}],"author":[{"embeddable":true,"href":"https:\/\/armstrongyregion.com.ar\/diario\/wp-json\/wp\/v2\/users\/2"}],"replies":[{"embeddable":true,"href":"https:\/\/armstrongyregion.com.ar\/diario\/wp-json\/wp\/v2\/comments?post=6263"}],"version-history":[{"count":0,"href":"https:\/\/armstrongyregion.com.ar\/diario\/wp-json\/wp\/v2\/posts\/6263\/revisions"}],"wp:featuredmedia":[{"embeddable":true,"href":"https:\/\/armstrongyregion.com.ar\/diario\/wp-json\/wp\/v2\/media\/6264"}],"wp:attachment":[{"href":"https:\/\/armstrongyregion.com.ar\/diario\/wp-json\/wp\/v2\/media?parent=6263"}],"wp:term":[{"taxonomy":"category","embeddable":true,"href":"https:\/\/armstrongyregion.com.ar\/diario\/wp-json\/wp\/v2\/categories?post=6263"},{"taxonomy":"post_tag","embeddable":true,"href":"https:\/\/armstrongyregion.com.ar\/diario\/wp-json\/wp\/v2\/tags?post=6263"}],"curies":[{"name":"wp","href":"https:\/\/api.w.org\/{rel}","templated":true}]}}