{"id":6260,"date":"2016-02-23T13:59:51","date_gmt":"2016-02-23T13:59:51","guid":{"rendered":"https:\/\/armstrongyregion.com.ar\/diario\/?p=6260"},"modified":"2016-02-23T13:59:51","modified_gmt":"2016-02-23T13:59:51","slug":"parejenses-presentes-en-la-primera-jornada-del-ciclo-verano-en-la-plaza","status":"publish","type":"post","link":"https:\/\/armstrongyregion.com.ar\/diario\/parejenses-presentes-en-la-primera-jornada-del-ciclo-verano-en-la-plaza\/","title":{"rendered":"Parejenses presentes en la primera jornada del ciclo \u00abVerano en la Plaza\u00bb."},"content":{"rendered":"<p><a href=\"http:\/\/armstrongyregion.com.ar\/diario\/wp-content\/uploads\/2016\/02\/verano-en-la-plaza.jpg\"><img loading=\"lazy\" decoding=\"async\" class=\"alignnone size-medium wp-image-6261\" src=\"http:\/\/armstrongyregion.com.ar\/diario\/wp-content\/uploads\/2016\/02\/verano-en-la-plaza-300x169.jpg\" alt=\"verano en la plaza\" width=\"300\" height=\"169\" srcset=\"https:\/\/armstrongyregion.com.ar\/diario\/wp-content\/uploads\/2016\/02\/verano-en-la-plaza-300x169.jpg 300w, https:\/\/armstrongyregion.com.ar\/diario\/wp-content\/uploads\/2016\/02\/verano-en-la-plaza.jpg 768w\" sizes=\"auto, (max-width: 300px) 100vw, 300px\" \/><\/a>El domingo 21 de febrero, se concret\u00f3 en Plaza San Mart\u00edn, la primera jornada del ciclo \u00a8Verano en la Plaza\u00a8.<br \/>\nArtesanos presentes, importante servicio de buffet, acompa\u00f1aron este interesante marco de p\u00fablico.<br \/>\nLas ofertas culturales llegaron de la mano de la Comparsa Municipal \u00a8Warma Tusuy\u00a8 a cargo de los profesores Emilia L\u00f3pez y Hern\u00e1n Albarrac\u00edn, para seguir con \u00a8Los So\u00f1adores\u00a8 y en el cierre la presentaci\u00f3n del nuevo material discogr\u00e1fico de \u00a8El Ideal\u00a8.<br \/>\nLa conducci\u00f3n del evento estuvo a cargo de Patricia Tombolini.<br \/>\nConvocamos a toda la comunidad a disfrutar de la segunda jornada de este ciclo el pr\u00f3ximo domingo 28 de febrero desde las 19:00 hs.<\/p>\n","protected":false},"excerpt":{"rendered":"<p>El domingo 21 de febrero, se concret\u00f3 en Plaza San Mart\u00edn, la primera jornada del ciclo \u00a8Verano en la Plaza\u00a8. Artesanos presentes, importante servicio de buffet, acompa\u00f1aron este interesante marco de p\u00fablico. Las ofertas culturales llegaron de la mano de la Comparsa Municipal \u00a8Warma Tusuy\u00a8 a cargo de los profesores Emilia L\u00f3pez y Hern\u00e1n Albarrac\u00edn, <a href=\"https:\/\/armstrongyregion.com.ar\/diario\/parejenses-presentes-en-la-primera-jornada-del-ciclo-verano-en-la-plaza\/\" title=\"Read more\" >&#8230;<\/a><\/p>\n","protected":false},"author":2,"featured_media":6261,"comment_status":"open","ping_status":"open","sticky":false,"template":"","format":"standard","meta":{"_jetpack_memberships_contains_paid_content":false,"footnotes":"","jetpack_publicize_message":"","jetpack_publicize_feature_enabled":true,"jetpack_social_post_already_shared":false,"jetpack_social_options":{"image_generator_settings":{"template":"highway","default_image_id":0,"enabled":false},"version":2}},"categories":[6,1,3],"tags":[19,15,1291,31,349,283,3423,2008,264],"class_list":["post-6260","post","type-post","status-publish","format-standard","has-post-thumbnail","hentry","category-cultura-entretenimiento","category-diario-armstrong","category-region","tag-de","tag-en","tag-jornada","tag-la","tag-parejenses","tag-plaza","tag-presentes","tag-primera","tag-verano"],"jetpack_publicize_connections":[],"jetpack_featured_media_url":"https:\/\/armstrongyregion.com.ar\/diario\/wp-content\/uploads\/2016\/02\/verano-en-la-plaza.jpg","jetpack_shortlink":"https:\/\/wp.me\/p62QDO-1CY","jetpack_sharing_enabled":true,"amp_enabled":true,"_links":{"self":[{"href":"https:\/\/armstrongyregion.com.ar\/diario\/wp-json\/wp\/v2\/posts\/6260","targetHints":{"allow":["GET"]}}],"collection":[{"href":"https:\/\/armstrongyregion.com.ar\/diario\/wp-json\/wp\/v2\/posts"}],"about":[{"href":"https:\/\/armstrongyregion.com.ar\/diario\/wp-json\/wp\/v2\/types\/post"}],"author":[{"embeddable":true,"href":"https:\/\/armstrongyregion.com.ar\/diario\/wp-json\/wp\/v2\/users\/2"}],"replies":[{"embeddable":true,"href":"https:\/\/armstrongyregion.com.ar\/diario\/wp-json\/wp\/v2\/comments?post=6260"}],"version-history":[{"count":0,"href":"https:\/\/armstrongyregion.com.ar\/diario\/wp-json\/wp\/v2\/posts\/6260\/revisions"}],"wp:featuredmedia":[{"embeddable":true,"href":"https:\/\/armstrongyregion.com.ar\/diario\/wp-json\/wp\/v2\/media\/6261"}],"wp:attachment":[{"href":"https:\/\/armstrongyregion.com.ar\/diario\/wp-json\/wp\/v2\/media?parent=6260"}],"wp:term":[{"taxonomy":"category","embeddable":true,"href":"https:\/\/armstrongyregion.com.ar\/diario\/wp-json\/wp\/v2\/categories?post=6260"},{"taxonomy":"post_tag","embeddable":true,"href":"https:\/\/armstrongyregion.com.ar\/diario\/wp-json\/wp\/v2\/tags?post=6260"}],"curies":[{"name":"wp","href":"https:\/\/api.w.org\/{rel}","templated":true}]}}