{"id":6252,"date":"2016-02-22T21:44:16","date_gmt":"2016-02-22T21:44:16","guid":{"rendered":"https:\/\/armstrongyregion.com.ar\/diario\/?p=6252"},"modified":"2016-02-22T21:44:16","modified_gmt":"2016-02-22T21:44:16","slug":"diego-mansilla-visito-el-local-de-votacion-en-rosario-para-el-referendo-de-bolivia","status":"publish","type":"post","link":"https:\/\/armstrongyregion.com.ar\/diario\/diego-mansilla-visito-el-local-de-votacion-en-rosario-para-el-referendo-de-bolivia\/","title":{"rendered":"Diego Mansilla visit\u00f3 el local de votaci\u00f3n en Rosario para el referendo de Bolivia."},"content":{"rendered":"<p><a href=\"http:\/\/armstrongyregion.com.ar\/diario\/wp-content\/uploads\/2016\/02\/diego-mansilla-sixto-valdez-cueto_0AM4256.jpg\"><img loading=\"lazy\" decoding=\"async\" class=\"alignnone size-medium wp-image-6253\" src=\"http:\/\/armstrongyregion.com.ar\/diario\/wp-content\/uploads\/2016\/02\/diego-mansilla-sixto-valdez-cueto_0AM4256-300x200.jpg\" alt=\"diego mansilla sixto valdez cueto_0AM4256\" width=\"300\" height=\"200\" srcset=\"https:\/\/armstrongyregion.com.ar\/diario\/wp-content\/uploads\/2016\/02\/diego-mansilla-sixto-valdez-cueto_0AM4256-300x200.jpg 300w, https:\/\/armstrongyregion.com.ar\/diario\/wp-content\/uploads\/2016\/02\/diego-mansilla-sixto-valdez-cueto_0AM4256.jpg 768w\" sizes=\"auto, (max-width: 300px) 100vw, 300px\" \/><\/a>\u201cQueremos impulsar cada vez m\u00e1s protagonismo de nuestros pueblos en la decisi\u00f3n de sus destinos\u201d<\/p>\n<p>\u201cVinimos a acompa\u00f1ar esta jornada que fortalece la democracia y la participaci\u00f3n en nuestro bloque regional y en toda la patria grande. Y queremos avanzar con herramientas legislativas que impulsen cada vez m\u00e1s protagonismo de nuestros pueblos en la decisi\u00f3n de sus destinos\u201d, dijo el parlamentario del Mercosur Diego Mansilla, al visitar ayer en Rosario el local de votaci\u00f3n del referendo sobre la reelecci\u00f3n presidencial en Bolivia.<br \/>\nMansilla lleg\u00f3 ayer hasta la escuela Rep\u00fablica de Bolivia -donde bolivianas y bolivianos residentes en las provincias del litoral argentino pudieron votar para el referendo- y dialog\u00f3 sobre la marcha de la jornada con el c\u00f3nsul del vecino pa\u00eds en Rosario, Sixto Valdez Cueto.<br \/>\n\u201cCelebramos esta nueva instancia democr\u00e1tica, esta posibilidad de decidir que tienen quienes est\u00e1n viviendo fuera de su pa\u00eds. Y entre nuestros objetivos se cuenta el de generar a trav\u00e9s del Parlasur nuevas herramientas legislativas que favorezcan y potencien esta posibilidad en todos los estados del Mercosur. Hay que allanar al m\u00e1ximo el camino de la participaci\u00f3n, del protagonismo popular, que es la mejor garant\u00eda para la continuidad de las pol\u00edticas de crecimiento, de inclusi\u00f3n, de generaci\u00f3n de empleo y mejor calidad de vida para todos\u201d, remarc\u00f3 Mansilla.<br \/>\n\u201cEstas mejoras han sido muy notorias en pa\u00edses como Bolivia, con un gobierno comprometido con las necesidades y las esperanzas de los que menos tienen. Y m\u00e1s all\u00e1 del resultado final que tenga este referendo, confiamos en la continuidad de estas gestiones de gobierno lideradas por Evo Morales\u201d, sostuvo el parlamentario del Mercosur, integrante del bloque del Frente para la Victoria.<\/p>\n","protected":false},"excerpt":{"rendered":"<p>\u201cQueremos impulsar cada vez m\u00e1s protagonismo de nuestros pueblos en la decisi\u00f3n de sus destinos\u201d \u201cVinimos a acompa\u00f1ar esta jornada que fortalece la democracia y la participaci\u00f3n en nuestro bloque regional y en toda la patria grande. Y queremos avanzar con herramientas legislativas que impulsen cada vez m\u00e1s protagonismo de nuestros pueblos en la decisi\u00f3n <a href=\"https:\/\/armstrongyregion.com.ar\/diario\/diego-mansilla-visito-el-local-de-votacion-en-rosario-para-el-referendo-de-bolivia\/\" title=\"Read more\" >&#8230;<\/a><\/p>\n","protected":false},"author":2,"featured_media":6253,"comment_status":"open","ping_status":"open","sticky":false,"template":"","format":"standard","meta":{"_jetpack_memberships_contains_paid_content":false,"footnotes":"","jetpack_publicize_message":"","jetpack_publicize_feature_enabled":true,"jetpack_social_post_already_shared":false,"jetpack_social_options":{"image_generator_settings":{"template":"highway","default_image_id":0,"enabled":false},"version":2}},"categories":[1,2,3],"tags":[990,991],"class_list":["post-6252","post","type-post","status-publish","format-standard","has-post-thumbnail","hentry","category-diario-armstrong","category-locales","category-region","tag-diego","tag-mansilla"],"jetpack_publicize_connections":[],"jetpack_featured_media_url":"https:\/\/armstrongyregion.com.ar\/diario\/wp-content\/uploads\/2016\/02\/diego-mansilla-sixto-valdez-cueto_0AM4256.jpg","jetpack_shortlink":"https:\/\/wp.me\/p62QDO-1CQ","jetpack_sharing_enabled":true,"amp_enabled":true,"_links":{"self":[{"href":"https:\/\/armstrongyregion.com.ar\/diario\/wp-json\/wp\/v2\/posts\/6252","targetHints":{"allow":["GET"]}}],"collection":[{"href":"https:\/\/armstrongyregion.com.ar\/diario\/wp-json\/wp\/v2\/posts"}],"about":[{"href":"https:\/\/armstrongyregion.com.ar\/diario\/wp-json\/wp\/v2\/types\/post"}],"author":[{"embeddable":true,"href":"https:\/\/armstrongyregion.com.ar\/diario\/wp-json\/wp\/v2\/users\/2"}],"replies":[{"embeddable":true,"href":"https:\/\/armstrongyregion.com.ar\/diario\/wp-json\/wp\/v2\/comments?post=6252"}],"version-history":[{"count":0,"href":"https:\/\/armstrongyregion.com.ar\/diario\/wp-json\/wp\/v2\/posts\/6252\/revisions"}],"wp:featuredmedia":[{"embeddable":true,"href":"https:\/\/armstrongyregion.com.ar\/diario\/wp-json\/wp\/v2\/media\/6253"}],"wp:attachment":[{"href":"https:\/\/armstrongyregion.com.ar\/diario\/wp-json\/wp\/v2\/media?parent=6252"}],"wp:term":[{"taxonomy":"category","embeddable":true,"href":"https:\/\/armstrongyregion.com.ar\/diario\/wp-json\/wp\/v2\/categories?post=6252"},{"taxonomy":"post_tag","embeddable":true,"href":"https:\/\/armstrongyregion.com.ar\/diario\/wp-json\/wp\/v2\/tags?post=6252"}],"curies":[{"name":"wp","href":"https:\/\/api.w.org\/{rel}","templated":true}]}}