{"id":6243,"date":"2016-02-22T15:44:49","date_gmt":"2016-02-22T15:44:49","guid":{"rendered":"https:\/\/armstrongyregion.com.ar\/diario\/?p=6243"},"modified":"2016-02-22T15:44:49","modified_gmt":"2016-02-22T15:44:49","slug":"convocatoria-de-sabores-y-colores-locales-para-el-5032016","status":"publish","type":"post","link":"https:\/\/armstrongyregion.com.ar\/diario\/convocatoria-de-sabores-y-colores-locales-para-el-5032016\/","title":{"rendered":"Convocatoria de Sabores y Colores Locales para el 5\/03\/2016"},"content":{"rendered":"<p style=\"text-align: left;\"><a href=\"http:\/\/armstrongyregion.com.ar\/diario\/wp-content\/uploads\/2016\/02\/feria-de-las-regiones_6145_crop_629x356_th.jpg\"><img loading=\"lazy\" decoding=\"async\" class=\"alignnone size-medium wp-image-6244\" src=\"http:\/\/armstrongyregion.com.ar\/diario\/wp-content\/uploads\/2016\/02\/feria-de-las-regiones_6145_crop_629x356_th-300x170.jpg\" alt=\"feria-de-las-regiones_6145_crop_629x356_th\" width=\"300\" height=\"170\" srcset=\"https:\/\/armstrongyregion.com.ar\/diario\/wp-content\/uploads\/2016\/02\/feria-de-las-regiones_6145_crop_629x356_th-300x170.jpg 300w, https:\/\/armstrongyregion.com.ar\/diario\/wp-content\/uploads\/2016\/02\/feria-de-las-regiones_6145_crop_629x356_th.jpg 768w\" sizes=\"auto, (max-width: 300px) 100vw, 300px\" \/><\/a>La Municipalidad de Armstrong a trav\u00e9s de la Secretar\u00eda de Desarrollo Econ\u00f3mico y Productivo invita a todos los integrantes de la Feria Sabores y Colores Locales a la reuni\u00f3n que se realizar\u00e1 el s\u00e1bado 5 de marzo a las 14 hs. en el auditorio municipal Delmo Dar\u00f3, donde tratar\u00e1n diversos temas referentes a las distintas presentaciones de los feriantes.<br \/>\nAsimismo se convoca a las personas interesadas en sumarse a este grupo de trabajo a acercarse en el horario indicado.<br \/>\nIm\u00e1gen ilustrativa.<\/p>\n","protected":false},"excerpt":{"rendered":"<p>La Municipalidad de Armstrong a trav\u00e9s de la Secretar\u00eda de Desarrollo Econ\u00f3mico y Productivo invita a todos los integrantes de la Feria Sabores y Colores Locales a la reuni\u00f3n que se realizar\u00e1 el s\u00e1bado 5 de marzo a las 14 hs. en el auditorio municipal Delmo Dar\u00f3, donde tratar\u00e1n diversos temas referentes a las distintas <a href=\"https:\/\/armstrongyregion.com.ar\/diario\/convocatoria-de-sabores-y-colores-locales-para-el-5032016\/\" title=\"Read more\" >&#8230;<\/a><\/p>\n","protected":false},"author":2,"featured_media":6244,"comment_status":"open","ping_status":"open","sticky":false,"template":"","format":"standard","meta":{"_jetpack_memberships_contains_paid_content":false,"footnotes":"","jetpack_publicize_message":"","jetpack_publicize_feature_enabled":true,"jetpack_social_post_already_shared":false,"jetpack_social_options":{"image_generator_settings":{"template":"highway","default_image_id":0,"enabled":false},"version":2}},"categories":[1,2,3],"tags":[1336,19,1725,2320,1335,13],"class_list":["post-6243","post","type-post","status-publish","format-standard","has-post-thumbnail","hentry","category-diario-armstrong","category-locales","category-region","tag-colores","tag-de","tag-feria","tag-locales","tag-sabores","tag-y"],"jetpack_publicize_connections":[],"jetpack_featured_media_url":"https:\/\/armstrongyregion.com.ar\/diario\/wp-content\/uploads\/2016\/02\/feria-de-las-regiones_6145_crop_629x356_th.jpg","jetpack_shortlink":"https:\/\/wp.me\/p62QDO-1CH","jetpack_sharing_enabled":true,"amp_enabled":true,"_links":{"self":[{"href":"https:\/\/armstrongyregion.com.ar\/diario\/wp-json\/wp\/v2\/posts\/6243","targetHints":{"allow":["GET"]}}],"collection":[{"href":"https:\/\/armstrongyregion.com.ar\/diario\/wp-json\/wp\/v2\/posts"}],"about":[{"href":"https:\/\/armstrongyregion.com.ar\/diario\/wp-json\/wp\/v2\/types\/post"}],"author":[{"embeddable":true,"href":"https:\/\/armstrongyregion.com.ar\/diario\/wp-json\/wp\/v2\/users\/2"}],"replies":[{"embeddable":true,"href":"https:\/\/armstrongyregion.com.ar\/diario\/wp-json\/wp\/v2\/comments?post=6243"}],"version-history":[{"count":0,"href":"https:\/\/armstrongyregion.com.ar\/diario\/wp-json\/wp\/v2\/posts\/6243\/revisions"}],"wp:featuredmedia":[{"embeddable":true,"href":"https:\/\/armstrongyregion.com.ar\/diario\/wp-json\/wp\/v2\/media\/6244"}],"wp:attachment":[{"href":"https:\/\/armstrongyregion.com.ar\/diario\/wp-json\/wp\/v2\/media?parent=6243"}],"wp:term":[{"taxonomy":"category","embeddable":true,"href":"https:\/\/armstrongyregion.com.ar\/diario\/wp-json\/wp\/v2\/categories?post=6243"},{"taxonomy":"post_tag","embeddable":true,"href":"https:\/\/armstrongyregion.com.ar\/diario\/wp-json\/wp\/v2\/tags?post=6243"}],"curies":[{"name":"wp","href":"https:\/\/api.w.org\/{rel}","templated":true}]}}