{"id":6212,"date":"2016-02-19T13:09:41","date_gmt":"2016-02-19T13:09:41","guid":{"rendered":"https:\/\/armstrongyregion.com.ar\/diario\/?p=6212"},"modified":"2016-02-19T13:09:41","modified_gmt":"2016-02-19T13:09:41","slug":"el-paradero-de-jorge-cejas-sigue-siendo-un-misterio","status":"publish","type":"post","link":"https:\/\/armstrongyregion.com.ar\/diario\/el-paradero-de-jorge-cejas-sigue-siendo-un-misterio\/","title":{"rendered":"El paradero de Jorge Cejas sigue siendo un misterio."},"content":{"rendered":"<p><a href=\"http:\/\/armstrongyregion.com.ar\/diario\/wp-content\/uploads\/2016\/02\/Rossini-Luis.jpg\"><img loading=\"lazy\" decoding=\"async\" class=\"alignnone size-medium wp-image-6213\" src=\"http:\/\/armstrongyregion.com.ar\/diario\/wp-content\/uploads\/2016\/02\/Rossini-Luis-300x200.jpg\" alt=\"Rossini-Luis\" width=\"300\" height=\"200\" srcset=\"https:\/\/armstrongyregion.com.ar\/diario\/wp-content\/uploads\/2016\/02\/Rossini-Luis-300x200.jpg 300w, https:\/\/armstrongyregion.com.ar\/diario\/wp-content\/uploads\/2016\/02\/Rossini-Luis.jpg 768w\" sizes=\"auto, (max-width: 300px) 100vw, 300px\" \/><\/a>La justicia civil hizo lugar a dos planteos realizados por sus familiares: uno fue la declaraci\u00f3n de simple ausencia y el otro confirm\u00f3 el poder de Santilli para la administraci\u00f3n de los bienes. A nivel penal, la causa sigue sin imputados y nada se sabe del empresario que desapareci\u00f3 hace casi dos a\u00f1os.<\/p>\n<p>FUENTE: PERI\u00d3DICO EL INFORME DE LA CIUDAD (CA\u00d1ADA DE G\u00d3MEZ)<\/p>\n<p>El Estudio Jur\u00eddico Rossini Pirchi representa al hijo mayor de Jorge Cejas, Ricardo, a la c\u00f3nyuge Idalina Flores de nacionalidad paraguaya, a la hija que hubo del matrimonio de Jorge e Idalina y adem\u00e1s son abogados de Jorge Cejas ya que est\u00e1 desaparecido y no fallecido. El Dr. Luis Rossini dio detalles de lo resuelto por el Juzgado Civil, Comercial y Laboral 2\u00b0 Nominaci\u00f3n a cargo de la Dra. Mar\u00eda Laura Aguaya.<br \/>\nL.R.: En el fuero civil en realidad se hicieron dos planteos hasta el d\u00eda de hoy y los dos tuvieron resoluci\u00f3n favorable a la petici\u00f3n de nuestro estudio jur\u00eddico. Un primer planteo ten\u00eda que ver con la declaraci\u00f3n de simple ausencia y se resolvi\u00f3 favorablemente. La simple ausencia es cuando una persona no est\u00e1 en su domicilio pero no han transcurrido los tres a\u00f1os que la ley civil te permite para hacer la presunci\u00f3n de fallecimiento. Y por otro lado la noticia es que va a ser una presunci\u00f3n de fallecimiento en tanto y en cuanto no aparezca Jorge Cejas, ya sea vivo o su cad\u00e1ver. Esto reci\u00e9n va a ocurrir a los tres a\u00f1os de la desaparici\u00f3n, o sea a fines del mes de marzo de 2017, con lo cual falta un a\u00f1o aproximadamente. Y tambi\u00e9n, en un primer momento, la defensa que ten\u00eda Stella Cejas (despu\u00e9s cambi\u00f3 de abogado y creo que ahora volvi\u00f3 a hacerlo) hab\u00eda planteado que el poder de Santilli era un poder que no ten\u00eda valor pero la justicia determin\u00f3 que ese poder era v\u00e1lido para ejercer el mandato. Es decir, que en sede civil sali\u00f3 la declaraci\u00f3n de simple ausencia, un tr\u00e1mite que iniciamos nosotros y a la vez lo referente al poder de Santilli. Se est\u00e1 a la espera de que se cumplan los tres a\u00f1os y si no hay noticias de la aparici\u00f3n ya sea de Jorge Cejas o de su cad\u00e1ver, para hacer la presunci\u00f3n de fallecimiento y reci\u00e9n a partir de all\u00ed se puede iniciar el tr\u00e1mite sucesorio con el consiguiente nombramiento de los herederos forzosos.<br \/>\n\u00bfQu\u00e9 puede pasar, en la pr\u00e1ctica, de ahora en m\u00e1s con los bienes de Cejas a partir de esto que se dictamin\u00f3?<br \/>\nL.R.: Seg\u00fan los dichos del propio Santilli, \u00e9l tiene un poder de disposici\u00f3n, pero nunca intent\u00f3 ni quiso disponer de los bienes pero s\u00ed hay una administraci\u00f3n. Porque si no hubiera un administrador la justicia le pone un administrador, eso era lo que planteaba en su momento la defensa de Stella Cejas. Dec\u00edan que el poder no serv\u00eda, con lo cual hab\u00eda que poner un administrador para que administre los bienes de Jorge Cejas. La justicia determin\u00f3 que el poder serv\u00eda con lo cual si hay un apoderado no hace falta que la justicia nombre un poder porque la voluntad fue dejar un apoderado.<br \/>\n\u00bfCu\u00e1les son los bienes de Cejas?<br \/>\nL.R.: Los bienes registrables de Jorge Cejas son aproximadamente unas 200 hect\u00e1reas de campo que est\u00e1n divididas en dos fracciones, una en la zona de Armstrong y otra en la zona de Totoras. El de Armstrong tiene alrededor de las 75 hect\u00e1reas y el de Totoras ronda las 130 hect\u00e1reas y, si no me falla la memoria, un total de tres propiedades urbanas en la localidad de Armstrong, adem\u00e1s de veh\u00edculos y maquinaria agr\u00edcola.<br \/>\n\u00bfY en Paraguay tiene alg\u00fan bien a su nombre?<br \/>\nL.R.: S\u00ed. Yo no tengo claro que sea a su nombre, pero entiendo que s\u00ed. S\u00e9 que hay una casa y un galp\u00f3n que se construy\u00f3 en un terreno que se compr\u00f3 al efecto de poner un corral\u00f3n de materiales y construcci\u00f3n que finalmente nunca se termin\u00f3 de poner.<br \/>\n\u00bfY en la cuesti\u00f3n penal espec\u00edficamente, hay novedades en la investigaci\u00f3n que lleva adelante la Fiscal\u00eda?<br \/>\nL.R.: Creo que la causa est\u00e1 igual pero creo que no se le da informaci\u00f3n a las partes porque ah\u00ed hay una especie de secreto de sumario, si se me permite la expresi\u00f3n. Supongo que deben estar investigando la desaparici\u00f3n de Jorge Cejas, lo cual es lo que tiene que investigar el Juzgado Penal. Seguramente est\u00e1n trabajando, lo que s\u00ed, las partes no conocemos los detalles de ese trabajo y uno de los clientes nuestros pidi\u00f3 una entrevista hace un tiempo con la propia fiscal Benvenuto que lo atendi\u00f3 muy bien y le explic\u00f3 m\u00e1s o menos esto que estoy diciendo.<br \/>\n\u00bfEntonces sigue sin haber imputados?<br \/>\nL.R.: De momento no hay imputados. Creo que con los elementos que tiene el sumario hoy y habr\u00eda elementos para imputar, se hubiera imputado, me parece, con lo cual supongo que no hay imputados y no hay elementos hoy como para imputar, pero eso es una presunci\u00f3n m\u00eda, no que surja de una charla con la Fiscal\u00eda ni mucho menos.<\/p>\n<p>SIN IMPUTADOS<br \/>\nJorge Cejas comenz\u00f3 siendo un empleado metal\u00fargico que luego se asoci\u00f3 con un compa\u00f1ero de trabajo para instalar un taller y que con el paso del tiempo se constituy\u00f3 en una empresa fabricante de implementos agr\u00edcolas llamada Cele SRL. En el 2012 Cejas decidi\u00f3 separarse de la sociedad y recibi\u00f3 como parte de pago 200 hect\u00e1reas de campo, bienes inmuebles y un monto de dinero en cuotas. Luego en Paraguay, Cejas instal\u00f3 en la localidad de Caaguaz\u00fa un negocio de venta de materiales de construcci\u00f3n. Fue visto por \u00faltima vez al mediod\u00eda del 30 de marzo en Armstrong. Las tareas de rastrillaje incluyeron el trabajo de fuerzas policiales, bomberos, cuerpos especializados en b\u00fasqueda de personas y hasta la utilizaci\u00f3n de un helic\u00f3ptero de la provincia. Lo \u00fanico que se encontr\u00f3 fue su camioneta Toyota Hilux de color negro totalmente quemada en el barrio Santa Rosa de Lima de Santa fe pero no se pudo establecer el recorrido que hizo el veh\u00edculo. Se constat\u00f3 que el empresario ingres\u00f3 el 25 de marzo y no volvi\u00f3 a salir del pa\u00eds.<\/p>\n","protected":false},"excerpt":{"rendered":"<p>La justicia civil hizo lugar a dos planteos realizados por sus familiares: uno fue la declaraci\u00f3n de simple ausencia y el otro confirm\u00f3 el poder de Santilli para la administraci\u00f3n de los bienes. A nivel penal, la causa sigue sin imputados y nada se sabe del empresario que desapareci\u00f3 hace casi dos a\u00f1os. FUENTE: PERI\u00d3DICO <a href=\"https:\/\/armstrongyregion.com.ar\/diario\/el-paradero-de-jorge-cejas-sigue-siendo-un-misterio\/\" title=\"Read more\" >&#8230;<\/a><\/p>\n","protected":false},"author":2,"featured_media":6213,"comment_status":"open","ping_status":"open","sticky":false,"template":"","format":"standard","meta":{"_jetpack_memberships_contains_paid_content":false,"footnotes":"","jetpack_publicize_message":"","jetpack_publicize_feature_enabled":true,"jetpack_social_post_already_shared":false,"jetpack_social_options":{"image_generator_settings":{"template":"highway","default_image_id":0,"enabled":false},"version":2}},"categories":[1,2,2852,7,3],"tags":[274,19,16,807,3474,359,3473,864,192],"class_list":["post-6212","post","type-post","status-publish","format-standard","has-post-thumbnail","hentry","category-diario-armstrong","category-locales","category-policiales","category-politica","category-region","tag-cejas","tag-de","tag-el","tag-jorge","tag-misterio","tag-paradero","tag-siendo","tag-sigue","tag-un"],"jetpack_publicize_connections":[],"jetpack_featured_media_url":"https:\/\/armstrongyregion.com.ar\/diario\/wp-content\/uploads\/2016\/02\/Rossini-Luis.jpg","jetpack_shortlink":"https:\/\/wp.me\/p62QDO-1Cc","jetpack_sharing_enabled":true,"amp_enabled":true,"_links":{"self":[{"href":"https:\/\/armstrongyregion.com.ar\/diario\/wp-json\/wp\/v2\/posts\/6212","targetHints":{"allow":["GET"]}}],"collection":[{"href":"https:\/\/armstrongyregion.com.ar\/diario\/wp-json\/wp\/v2\/posts"}],"about":[{"href":"https:\/\/armstrongyregion.com.ar\/diario\/wp-json\/wp\/v2\/types\/post"}],"author":[{"embeddable":true,"href":"https:\/\/armstrongyregion.com.ar\/diario\/wp-json\/wp\/v2\/users\/2"}],"replies":[{"embeddable":true,"href":"https:\/\/armstrongyregion.com.ar\/diario\/wp-json\/wp\/v2\/comments?post=6212"}],"version-history":[{"count":0,"href":"https:\/\/armstrongyregion.com.ar\/diario\/wp-json\/wp\/v2\/posts\/6212\/revisions"}],"wp:featuredmedia":[{"embeddable":true,"href":"https:\/\/armstrongyregion.com.ar\/diario\/wp-json\/wp\/v2\/media\/6213"}],"wp:attachment":[{"href":"https:\/\/armstrongyregion.com.ar\/diario\/wp-json\/wp\/v2\/media?parent=6212"}],"wp:term":[{"taxonomy":"category","embeddable":true,"href":"https:\/\/armstrongyregion.com.ar\/diario\/wp-json\/wp\/v2\/categories?post=6212"},{"taxonomy":"post_tag","embeddable":true,"href":"https:\/\/armstrongyregion.com.ar\/diario\/wp-json\/wp\/v2\/tags?post=6212"}],"curies":[{"name":"wp","href":"https:\/\/api.w.org\/{rel}","templated":true}]}}