{"id":6204,"date":"2016-02-18T23:17:57","date_gmt":"2016-02-18T23:17:57","guid":{"rendered":"https:\/\/armstrongyregion.com.ar\/diario\/?p=6204"},"modified":"2016-02-18T23:17:57","modified_gmt":"2016-02-18T23:17:57","slug":"se-renovo-el-alerta-por-posibles-tormentas-fuertes","status":"publish","type":"post","link":"https:\/\/armstrongyregion.com.ar\/diario\/se-renovo-el-alerta-por-posibles-tormentas-fuertes\/","title":{"rendered":"Se renov\u00f3 el alerta por posibles tormentas fuertes."},"content":{"rendered":"<p><a href=\"http:\/\/armstrongyregion.com.ar\/diario\/wp-content\/uploads\/2016\/02\/el-tiempo-2028823w620.jpg\"><img loading=\"lazy\" decoding=\"async\" class=\"alignnone size-medium wp-image-6205\" src=\"http:\/\/armstrongyregion.com.ar\/diario\/wp-content\/uploads\/2016\/02\/el-tiempo-2028823w620-300x200.jpg\" alt=\"el-tiempo-\" width=\"300\" height=\"200\" srcset=\"https:\/\/armstrongyregion.com.ar\/diario\/wp-content\/uploads\/2016\/02\/el-tiempo-2028823w620-300x200.jpg 300w, https:\/\/armstrongyregion.com.ar\/diario\/wp-content\/uploads\/2016\/02\/el-tiempo-2028823w620.jpg 768w\" sizes=\"auto, (max-width: 300px) 100vw, 300px\" \/><\/a>En la regi\u00f3n sigue rigiendo un aviso del Servicio Meteorol\u00f3gico Nacional. El aire se sent\u00eda h\u00famedo y caluroso este jueves y un frente de aire fr\u00edo podr\u00eda provocar lluvias intensas en la noche y en la madrugada del viernes.<\/p>\n<p>En la zona sur de Santa Fe rige un alerta meteorol\u00f3gica por tormentas fuertes. El Servicio Meteorol\u00f3gico Nacional (SMN) advierte sobre un fen\u00f3meno que incluye lluvias, viento, actividad el\u00e9ctrica y granizo.<\/p>\n<p>\u201cEl \u00e1rea de cobertura se encuentra bajo la influencia de una masa de aire caliente, h\u00famedo y muy inestable sobre la cual han comenzado a desarrollarse tormentas en forma aislada. Se prev\u00e9 que entre lo que resta del dia de hoy y la madrugada del viernes con la aproximaci\u00f3n de un frente fr\u00edo al \u00e1rea de cobertura los fen\u00f3menos de tormenta tender\u00e1n a intensificarse y a extenderse a toda la zona\u201d, describe el informe.<\/p>\n<p>Y agrega que \u201calgunas de estas tormentas pueden alcanzar en forma localizada intensidad fuerte o severa provocando fuerte actividad el\u00e9ctrica, abundante ca\u00edda de agua en cortos periodos de tiempo, intensas r\u00e1fagas y ca\u00edda de granizo\u201d.<\/p>\n","protected":false},"excerpt":{"rendered":"<p>En la regi\u00f3n sigue rigiendo un aviso del Servicio Meteorol\u00f3gico Nacional. El aire se sent\u00eda h\u00famedo y caluroso este jueves y un frente de aire fr\u00edo podr\u00eda provocar lluvias intensas en la noche y en la madrugada del viernes. En la zona sur de Santa Fe rige un alerta meteorol\u00f3gica por tormentas fuertes. El Servicio <a href=\"https:\/\/armstrongyregion.com.ar\/diario\/se-renovo-el-alerta-por-posibles-tormentas-fuertes\/\" title=\"Read more\" >&#8230;<\/a><\/p>\n","protected":false},"author":2,"featured_media":6205,"comment_status":"open","ping_status":"open","sticky":false,"template":"","format":"standard","meta":{"_jetpack_memberships_contains_paid_content":false,"footnotes":"","jetpack_publicize_message":"","jetpack_publicize_feature_enabled":true,"jetpack_social_post_already_shared":false,"jetpack_social_options":{"image_generator_settings":{"template":"highway","default_image_id":0,"enabled":false},"version":2}},"categories":[1,2,3],"tags":[230,16,1417,60,3469,3468,86,417],"class_list":["post-6204","post","type-post","status-publish","format-standard","has-post-thumbnail","hentry","category-diario-armstrong","category-locales","category-region","tag-alerta","tag-el","tag-fuertes","tag-por","tag-posibles","tag-renovo","tag-se","tag-tormentas"],"jetpack_publicize_connections":[],"jetpack_featured_media_url":"https:\/\/armstrongyregion.com.ar\/diario\/wp-content\/uploads\/2016\/02\/el-tiempo-2028823w620.jpg","jetpack_shortlink":"https:\/\/wp.me\/p62QDO-1C4","jetpack_sharing_enabled":true,"amp_enabled":true,"_links":{"self":[{"href":"https:\/\/armstrongyregion.com.ar\/diario\/wp-json\/wp\/v2\/posts\/6204","targetHints":{"allow":["GET"]}}],"collection":[{"href":"https:\/\/armstrongyregion.com.ar\/diario\/wp-json\/wp\/v2\/posts"}],"about":[{"href":"https:\/\/armstrongyregion.com.ar\/diario\/wp-json\/wp\/v2\/types\/post"}],"author":[{"embeddable":true,"href":"https:\/\/armstrongyregion.com.ar\/diario\/wp-json\/wp\/v2\/users\/2"}],"replies":[{"embeddable":true,"href":"https:\/\/armstrongyregion.com.ar\/diario\/wp-json\/wp\/v2\/comments?post=6204"}],"version-history":[{"count":0,"href":"https:\/\/armstrongyregion.com.ar\/diario\/wp-json\/wp\/v2\/posts\/6204\/revisions"}],"wp:featuredmedia":[{"embeddable":true,"href":"https:\/\/armstrongyregion.com.ar\/diario\/wp-json\/wp\/v2\/media\/6205"}],"wp:attachment":[{"href":"https:\/\/armstrongyregion.com.ar\/diario\/wp-json\/wp\/v2\/media?parent=6204"}],"wp:term":[{"taxonomy":"category","embeddable":true,"href":"https:\/\/armstrongyregion.com.ar\/diario\/wp-json\/wp\/v2\/categories?post=6204"},{"taxonomy":"post_tag","embeddable":true,"href":"https:\/\/armstrongyregion.com.ar\/diario\/wp-json\/wp\/v2\/tags?post=6204"}],"curies":[{"name":"wp","href":"https:\/\/api.w.org\/{rel}","templated":true}]}}