{"id":6188,"date":"2016-02-18T21:24:06","date_gmt":"2016-02-18T21:24:06","guid":{"rendered":"https:\/\/armstrongyregion.com.ar\/diario\/?p=6188"},"modified":"2016-02-18T21:24:06","modified_gmt":"2016-02-18T21:24:06","slug":"canada-de-gomez-cogno-destaco-el-anuncio-del-plan-de-desarrollo-industrial-de-la-pcia","status":"publish","type":"post","link":"https:\/\/armstrongyregion.com.ar\/diario\/canada-de-gomez-cogno-destaco-el-anuncio-del-plan-de-desarrollo-industrial-de-la-pcia\/","title":{"rendered":"Ca\u00f1ada de G\u00f3mez. Cogno destac\u00f3 el anuncio del plan de Desarrollo Industrial de la Pcia."},"content":{"rendered":"<p><a href=\"http:\/\/armstrongyregion.com.ar\/diario\/wp-content\/uploads\/2016\/02\/cogno.jpg\"><img loading=\"lazy\" decoding=\"async\" class=\"alignnone size-medium wp-image-6189\" src=\"http:\/\/armstrongyregion.com.ar\/diario\/wp-content\/uploads\/2016\/02\/cogno-300x200.jpg\" alt=\"cogno\" width=\"300\" height=\"200\" srcset=\"https:\/\/armstrongyregion.com.ar\/diario\/wp-content\/uploads\/2016\/02\/cogno-300x200.jpg 300w, https:\/\/armstrongyregion.com.ar\/diario\/wp-content\/uploads\/2016\/02\/cogno.jpg 768w\" sizes=\"auto, (max-width: 300px) 100vw, 300px\" \/><\/a>El secretario de Producci\u00f3n se reunir\u00e1 en Fudeca junto a Centro Econ\u00f3mico y C\u00e1mara de la Madera para comenzar a trabajar acerca del<br \/>\nalcance del proyecto y los beneficios para la industria ca\u00f1adense.<br \/>\nEl secretario de Producci\u00f3n Marcelo Cogno anunci\u00f3 se realizar\u00e1 una reuni\u00f3n en Fudeca junto a integrantes de la C\u00e1mara de la Madera, Centro<br \/>\nEcon\u00f3mico y Consorcio del Parque Industrial para avanzar en la<br \/>\nimplementaci\u00f3n del plan de desarrollo industrial anunciado por el<br \/>\ngobernador Miguel Lifschitz.<br \/>\nCogno explic\u00f3 que \u201cconocidos los anuncios a nivel provincial vamos a<br \/>\nreunirnos el lunes 7 de marzo los distintos actores para interiorizarnos<br \/>\nsobre los programas que lo componen y avanzar en los beneficios que se<br \/>\npueden generar para el sector en nuestra ciudad\u201d.<br \/>\nEn este sentido destac\u00f3 \u201cvemos muy beneficioso que se destinen 1.200<br \/>\nmillones de pesos al crecimiento y desarrollo de la industria en la<br \/>\nprovincia, por lo que vamos a comenzar a trabajar en proyectos que se<br \/>\ntraduzcan en la llegada de aportes y nuevas herramientas t\u00e9cnicas para<br \/>\nmejorar las capacidades de las empresas ca\u00f1adenses\u201d.<\/p>\n","protected":false},"excerpt":{"rendered":"<p>El secretario de Producci\u00f3n se reunir\u00e1 en Fudeca junto a Centro Econ\u00f3mico y C\u00e1mara de la Madera para comenzar a trabajar acerca del alcance del proyecto y los beneficios para la industria ca\u00f1adense. El secretario de Producci\u00f3n Marcelo Cogno anunci\u00f3 se realizar\u00e1 una reuni\u00f3n en Fudeca junto a integrantes de la C\u00e1mara de la Madera, <a href=\"https:\/\/armstrongyregion.com.ar\/diario\/canada-de-gomez-cogno-destaco-el-anuncio-del-plan-de-desarrollo-industrial-de-la-pcia\/\" title=\"Read more\" >&#8230;<\/a><\/p>\n","protected":false},"author":2,"featured_media":6189,"comment_status":"open","ping_status":"open","sticky":false,"template":"","format":"standard","meta":{"_jetpack_memberships_contains_paid_content":false,"footnotes":"","jetpack_publicize_message":"","jetpack_publicize_feature_enabled":true,"jetpack_social_post_already_shared":false,"jetpack_social_options":{"image_generator_settings":{"template":"highway","default_image_id":0,"enabled":false},"version":2}},"categories":[1,3],"tags":[163,3463,19,53,1225,604,16,38,164,22,177],"class_list":["post-6188","post","type-post","status-publish","format-standard","has-post-thumbnail","hentry","category-diario-armstrong","category-region","tag-canada","tag-cogno","tag-de","tag-del","tag-desarrollo","tag-destaco","tag-el","tag-gobierno","tag-gomez","tag-industrial","tag-plan"],"jetpack_publicize_connections":[],"jetpack_featured_media_url":"https:\/\/armstrongyregion.com.ar\/diario\/wp-content\/uploads\/2016\/02\/cogno.jpg","jetpack_shortlink":"https:\/\/wp.me\/p62QDO-1BO","jetpack_sharing_enabled":true,"amp_enabled":true,"_links":{"self":[{"href":"https:\/\/armstrongyregion.com.ar\/diario\/wp-json\/wp\/v2\/posts\/6188","targetHints":{"allow":["GET"]}}],"collection":[{"href":"https:\/\/armstrongyregion.com.ar\/diario\/wp-json\/wp\/v2\/posts"}],"about":[{"href":"https:\/\/armstrongyregion.com.ar\/diario\/wp-json\/wp\/v2\/types\/post"}],"author":[{"embeddable":true,"href":"https:\/\/armstrongyregion.com.ar\/diario\/wp-json\/wp\/v2\/users\/2"}],"replies":[{"embeddable":true,"href":"https:\/\/armstrongyregion.com.ar\/diario\/wp-json\/wp\/v2\/comments?post=6188"}],"version-history":[{"count":0,"href":"https:\/\/armstrongyregion.com.ar\/diario\/wp-json\/wp\/v2\/posts\/6188\/revisions"}],"wp:featuredmedia":[{"embeddable":true,"href":"https:\/\/armstrongyregion.com.ar\/diario\/wp-json\/wp\/v2\/media\/6189"}],"wp:attachment":[{"href":"https:\/\/armstrongyregion.com.ar\/diario\/wp-json\/wp\/v2\/media?parent=6188"}],"wp:term":[{"taxonomy":"category","embeddable":true,"href":"https:\/\/armstrongyregion.com.ar\/diario\/wp-json\/wp\/v2\/categories?post=6188"},{"taxonomy":"post_tag","embeddable":true,"href":"https:\/\/armstrongyregion.com.ar\/diario\/wp-json\/wp\/v2\/tags?post=6188"}],"curies":[{"name":"wp","href":"https:\/\/api.w.org\/{rel}","templated":true}]}}