{"id":6179,"date":"2016-02-17T22:54:04","date_gmt":"2016-02-17T22:54:04","guid":{"rendered":"https:\/\/armstrongyregion.com.ar\/diario\/?p=6179"},"modified":"2016-02-17T22:54:04","modified_gmt":"2016-02-17T22:54:04","slug":"meyer-de-este-conflicto-se-sale-con-la-ley-con-lo-justo-con-lo-que-corresponde","status":"publish","type":"post","link":"https:\/\/armstrongyregion.com.ar\/diario\/meyer-de-este-conflicto-se-sale-con-la-ley-con-lo-justo-con-lo-que-corresponde\/","title":{"rendered":"Meyer, \u00abDe este conflicto se sale con la ley, con lo justo, con lo que corresponde\u00bb"},"content":{"rendered":"<p><a href=\"http:\/\/armstrongyregion.com.ar\/diario\/wp-content\/uploads\/2016\/02\/Meyer.jpg\"><img loading=\"lazy\" decoding=\"async\" class=\"alignnone size-medium wp-image-6180\" src=\"http:\/\/armstrongyregion.com.ar\/diario\/wp-content\/uploads\/2016\/02\/Meyer-300x169.jpg\" alt=\"Meyer\" width=\"300\" height=\"169\" srcset=\"https:\/\/armstrongyregion.com.ar\/diario\/wp-content\/uploads\/2016\/02\/Meyer-300x169.jpg 300w, https:\/\/armstrongyregion.com.ar\/diario\/wp-content\/uploads\/2016\/02\/Meyer.jpg 768w\" sizes=\"auto, (max-width: 300px) 100vw, 300px\" \/><\/a>En el tercer d\u00eda paro municipal, el intendente municipal Meyer y la Secretaria de Gobierno Marith\u00e9 Hern\u00e1ndez hicieron declaraciones en Renacer Regional.<br \/>\nAs\u00ed se expreso el Intendente de la ciudad de Las Rosas Javier Meyer acompa\u00f1ado de la Secretaria de Gobierno Marithe Hern\u00e1ndez, \u00aba nadie se le toco el sueldo b\u00e1sico, se han quitado adicionales mal liquidados y los adicionales que correspond\u00edan se han dejado, hoy a los que se le han quitado los adicionales no hay ninguno que cobre el sueldo b\u00e1sico por debajo de la linea que lo tiene que cobrar\u00bb.<\/p>\n<p>Las Rosas Digital<\/p>\n","protected":false},"excerpt":{"rendered":"<p>En el tercer d\u00eda paro municipal, el intendente municipal Meyer y la Secretaria de Gobierno Marith\u00e9 Hern\u00e1ndez hicieron declaraciones en Renacer Regional. As\u00ed se expreso el Intendente de la ciudad de Las Rosas Javier Meyer acompa\u00f1ado de la Secretaria de Gobierno Marithe Hern\u00e1ndez, \u00aba nadie se le toco el sueldo b\u00e1sico, se han quitado adicionales <a href=\"https:\/\/armstrongyregion.com.ar\/diario\/meyer-de-este-conflicto-se-sale-con-la-ley-con-lo-justo-con-lo-que-corresponde\/\" title=\"Read more\" >&#8230;<\/a><\/p>\n","protected":false},"author":2,"featured_media":6180,"comment_status":"open","ping_status":"open","sticky":false,"template":"","format":"standard","meta":{"_jetpack_memberships_contains_paid_content":false,"footnotes":"","jetpack_publicize_message":"","jetpack_publicize_feature_enabled":true,"jetpack_social_post_already_shared":false,"jetpack_social_options":{"image_generator_settings":{"template":"highway","default_image_id":0,"enabled":false},"version":2}},"categories":[1,3],"tags":[15,23,1934,1026,361],"class_list":["post-6179","post","type-post","status-publish","format-standard","has-post-thumbnail","hentry","category-diario-armstrong","category-region","tag-en","tag-las","tag-meyer","tag-paro","tag-rosas"],"jetpack_publicize_connections":[],"jetpack_featured_media_url":"https:\/\/armstrongyregion.com.ar\/diario\/wp-content\/uploads\/2016\/02\/Meyer.jpg","jetpack_shortlink":"https:\/\/wp.me\/p62QDO-1BF","jetpack_sharing_enabled":true,"amp_enabled":true,"_links":{"self":[{"href":"https:\/\/armstrongyregion.com.ar\/diario\/wp-json\/wp\/v2\/posts\/6179","targetHints":{"allow":["GET"]}}],"collection":[{"href":"https:\/\/armstrongyregion.com.ar\/diario\/wp-json\/wp\/v2\/posts"}],"about":[{"href":"https:\/\/armstrongyregion.com.ar\/diario\/wp-json\/wp\/v2\/types\/post"}],"author":[{"embeddable":true,"href":"https:\/\/armstrongyregion.com.ar\/diario\/wp-json\/wp\/v2\/users\/2"}],"replies":[{"embeddable":true,"href":"https:\/\/armstrongyregion.com.ar\/diario\/wp-json\/wp\/v2\/comments?post=6179"}],"version-history":[{"count":0,"href":"https:\/\/armstrongyregion.com.ar\/diario\/wp-json\/wp\/v2\/posts\/6179\/revisions"}],"wp:featuredmedia":[{"embeddable":true,"href":"https:\/\/armstrongyregion.com.ar\/diario\/wp-json\/wp\/v2\/media\/6180"}],"wp:attachment":[{"href":"https:\/\/armstrongyregion.com.ar\/diario\/wp-json\/wp\/v2\/media?parent=6179"}],"wp:term":[{"taxonomy":"category","embeddable":true,"href":"https:\/\/armstrongyregion.com.ar\/diario\/wp-json\/wp\/v2\/categories?post=6179"},{"taxonomy":"post_tag","embeddable":true,"href":"https:\/\/armstrongyregion.com.ar\/diario\/wp-json\/wp\/v2\/tags?post=6179"}],"curies":[{"name":"wp","href":"https:\/\/api.w.org\/{rel}","templated":true}]}}