{"id":6176,"date":"2016-02-17T14:31:49","date_gmt":"2016-02-17T14:31:49","guid":{"rendered":"https:\/\/armstrongyregion.com.ar\/diario\/?p=6176"},"modified":"2016-02-17T14:31:49","modified_gmt":"2016-02-17T14:31:49","slug":"la-comuna-de-correa-avanza-en-politicas-de-seguridad","status":"publish","type":"post","link":"https:\/\/armstrongyregion.com.ar\/diario\/la-comuna-de-correa-avanza-en-politicas-de-seguridad\/","title":{"rendered":"La Comuna de Correa avanza en pol\u00edticas de seguridad."},"content":{"rendered":"<p><a href=\"http:\/\/armstrongyregion.com.ar\/diario\/wp-content\/uploads\/2016\/02\/Reunion-seguridad.jpg\"><img loading=\"lazy\" decoding=\"async\" class=\"alignnone size-medium wp-image-6177\" src=\"http:\/\/armstrongyregion.com.ar\/diario\/wp-content\/uploads\/2016\/02\/Reunion-seguridad-300x225.jpg\" alt=\"Reunion seguridad\" width=\"300\" height=\"225\" srcset=\"https:\/\/armstrongyregion.com.ar\/diario\/wp-content\/uploads\/2016\/02\/Reunion-seguridad-300x225.jpg 300w, https:\/\/armstrongyregion.com.ar\/diario\/wp-content\/uploads\/2016\/02\/Reunion-seguridad.jpg 768w\" sizes=\"auto, (max-width: 300px) 100vw, 300px\" \/><\/a>El presidente comunal, Fabi\u00e1n Cejas, mantuvo un encuentro con autoridades de la Unidad Regional X y la Comisaria 5\u00aa con el objetivo de intensificar las intervenciones en la zona urbana y rural de la localidad.<br \/>\nLa reuni\u00f3n tuvo lugar en el despacho comunal y cont\u00f3 con la presencia de Marcelo Fern\u00e1ndez, Jefe de Operaciones Departamental, Alejandro Escalada Jefe de la Agrupaci\u00f3n de Unidades de Orden P\u00fablico de la U.R.X y Osvaldo Ver\u00f3n, Sub Comisario de la localidad.<br \/>\nCon la intenci\u00f3n de implementar pol\u00edticas de seguridad para la comunidad, acordaron la realizaci\u00f3n de operativos de control con personal policial e inspectores de transito sobre ruta Nacional N\u00ba 9 en horas de la ma\u00f1ana y durante, la tarde &#8211; noche, en distintos puntos del ejido urbano.<br \/>\nEs importante remarcar, que las partes intervinientes decidieron sostener en el tiempo las tareas de patrullaje con la Polic\u00eda Rural y de la Unidad Regional X para evitar hechos delictivos en la zona rural.<\/p>\n","protected":false},"excerpt":{"rendered":"<p>El presidente comunal, Fabi\u00e1n Cejas, mantuvo un encuentro con autoridades de la Unidad Regional X y la Comisaria 5\u00aa con el objetivo de intensificar las intervenciones en la zona urbana y rural de la localidad. La reuni\u00f3n tuvo lugar en el despacho comunal y cont\u00f3 con la presencia de Marcelo Fern\u00e1ndez, Jefe de Operaciones Departamental, <a href=\"https:\/\/armstrongyregion.com.ar\/diario\/la-comuna-de-correa-avanza-en-politicas-de-seguridad\/\" title=\"Read more\" >&#8230;<\/a><\/p>\n","protected":false},"author":2,"featured_media":6177,"comment_status":"open","ping_status":"open","sticky":false,"template":"","format":"standard","meta":{"_jetpack_memberships_contains_paid_content":false,"footnotes":"","jetpack_publicize_message":"","jetpack_publicize_feature_enabled":true,"jetpack_social_post_already_shared":false,"jetpack_social_options":{"image_generator_settings":{"template":"highway","default_image_id":0,"enabled":false},"version":2}},"categories":[1,2852,3],"tags":[634,303,19,15,3084,453],"class_list":["post-6176","post","type-post","status-publish","format-standard","has-post-thumbnail","hentry","category-diario-armstrong","category-policiales","category-region","tag-avanza","tag-correa","tag-de","tag-en","tag-politicas","tag-seguridad"],"jetpack_publicize_connections":[],"jetpack_featured_media_url":"https:\/\/armstrongyregion.com.ar\/diario\/wp-content\/uploads\/2016\/02\/Reunion-seguridad.jpg","jetpack_shortlink":"https:\/\/wp.me\/p62QDO-1BC","jetpack_sharing_enabled":true,"amp_enabled":true,"_links":{"self":[{"href":"https:\/\/armstrongyregion.com.ar\/diario\/wp-json\/wp\/v2\/posts\/6176","targetHints":{"allow":["GET"]}}],"collection":[{"href":"https:\/\/armstrongyregion.com.ar\/diario\/wp-json\/wp\/v2\/posts"}],"about":[{"href":"https:\/\/armstrongyregion.com.ar\/diario\/wp-json\/wp\/v2\/types\/post"}],"author":[{"embeddable":true,"href":"https:\/\/armstrongyregion.com.ar\/diario\/wp-json\/wp\/v2\/users\/2"}],"replies":[{"embeddable":true,"href":"https:\/\/armstrongyregion.com.ar\/diario\/wp-json\/wp\/v2\/comments?post=6176"}],"version-history":[{"count":0,"href":"https:\/\/armstrongyregion.com.ar\/diario\/wp-json\/wp\/v2\/posts\/6176\/revisions"}],"wp:featuredmedia":[{"embeddable":true,"href":"https:\/\/armstrongyregion.com.ar\/diario\/wp-json\/wp\/v2\/media\/6177"}],"wp:attachment":[{"href":"https:\/\/armstrongyregion.com.ar\/diario\/wp-json\/wp\/v2\/media?parent=6176"}],"wp:term":[{"taxonomy":"category","embeddable":true,"href":"https:\/\/armstrongyregion.com.ar\/diario\/wp-json\/wp\/v2\/categories?post=6176"},{"taxonomy":"post_tag","embeddable":true,"href":"https:\/\/armstrongyregion.com.ar\/diario\/wp-json\/wp\/v2\/tags?post=6176"}],"curies":[{"name":"wp","href":"https:\/\/api.w.org\/{rel}","templated":true}]}}