{"id":6158,"date":"2016-02-16T14:39:19","date_gmt":"2016-02-16T14:39:19","guid":{"rendered":"https:\/\/armstrongyregion.com.ar\/diario\/?p=6158"},"modified":"2016-02-16T14:39:19","modified_gmt":"2016-02-16T14:39:19","slug":"las-rosas-estamos-tomando-todas-las-medidas-preventivas","status":"publish","type":"post","link":"https:\/\/armstrongyregion.com.ar\/diario\/las-rosas-estamos-tomando-todas-las-medidas-preventivas\/","title":{"rendered":"Las Rosas. \u00abEstamos tomando todas las medidas preventivas\u00bb."},"content":{"rendered":"<p><a href=\"http:\/\/armstrongyregion.com.ar\/diario\/wp-content\/uploads\/2016\/02\/Comisario.jpg\"><img loading=\"lazy\" decoding=\"async\" class=\"alignnone size-medium wp-image-6159\" src=\"http:\/\/armstrongyregion.com.ar\/diario\/wp-content\/uploads\/2016\/02\/Comisario-300x169.jpg\" alt=\"Comisario\" width=\"300\" height=\"169\" srcset=\"https:\/\/armstrongyregion.com.ar\/diario\/wp-content\/uploads\/2016\/02\/Comisario-300x169.jpg 300w, https:\/\/armstrongyregion.com.ar\/diario\/wp-content\/uploads\/2016\/02\/Comisario.jpg 768w\" sizes=\"auto, (max-width: 300px) 100vw, 300px\" \/><\/a>As\u00ed lo expreso el Jefe de la Unidad Regional III, Comisario Juan Carlos Su\u00e1rez.<\/p>\n<p>Expres\u00f3 que fue detectada la persona que arroj\u00f3 un elemento pirot\u00e9cnico dentro del palacio municipal, y que \u00abse est\u00e1 garantizando la protecci\u00f3n tanto a la gente que esta reclamando, como al ejecutivo y su familia\u00bb. Mientras tanto contin\u00faa la tensi\u00f3n con los empleados municipales.<\/p>\n<p>Las Rosas Digital.<\/p>\n","protected":false},"excerpt":{"rendered":"<p>As\u00ed lo expreso el Jefe de la Unidad Regional III, Comisario Juan Carlos Su\u00e1rez. Expres\u00f3 que fue detectada la persona que arroj\u00f3 un elemento pirot\u00e9cnico dentro del palacio municipal, y que \u00abse est\u00e1 garantizando la protecci\u00f3n tanto a la gente que esta reclamando, como al ejecutivo y su familia\u00bb. Mientras tanto contin\u00faa la tensi\u00f3n con <a href=\"https:\/\/armstrongyregion.com.ar\/diario\/las-rosas-estamos-tomando-todas-las-medidas-preventivas\/\" title=\"Read more\" >&#8230;<\/a><\/p>\n","protected":false},"author":2,"featured_media":6159,"comment_status":"open","ping_status":"open","sticky":false,"template":"","format":"standard","meta":{"_jetpack_memberships_contains_paid_content":false,"footnotes":"","jetpack_publicize_message":"","jetpack_publicize_feature_enabled":true,"jetpack_social_post_already_shared":false,"jetpack_social_options":{"image_generator_settings":{"template":"highway","default_image_id":0,"enabled":false},"version":2}},"categories":[1,3],"tags":[100,262,207,31,23,208,361,3456],"class_list":["post-6158","post","type-post","status-publish","format-standard","has-post-thumbnail","hentry","category-diario-armstrong","category-region","tag-con","tag-continua","tag-empleados","tag-la","tag-las","tag-municipales","tag-rosas","tag-tension"],"jetpack_publicize_connections":[],"jetpack_featured_media_url":"https:\/\/armstrongyregion.com.ar\/diario\/wp-content\/uploads\/2016\/02\/Comisario.jpg","jetpack_shortlink":"https:\/\/wp.me\/p62QDO-1Bk","jetpack_sharing_enabled":true,"amp_enabled":true,"_links":{"self":[{"href":"https:\/\/armstrongyregion.com.ar\/diario\/wp-json\/wp\/v2\/posts\/6158","targetHints":{"allow":["GET"]}}],"collection":[{"href":"https:\/\/armstrongyregion.com.ar\/diario\/wp-json\/wp\/v2\/posts"}],"about":[{"href":"https:\/\/armstrongyregion.com.ar\/diario\/wp-json\/wp\/v2\/types\/post"}],"author":[{"embeddable":true,"href":"https:\/\/armstrongyregion.com.ar\/diario\/wp-json\/wp\/v2\/users\/2"}],"replies":[{"embeddable":true,"href":"https:\/\/armstrongyregion.com.ar\/diario\/wp-json\/wp\/v2\/comments?post=6158"}],"version-history":[{"count":0,"href":"https:\/\/armstrongyregion.com.ar\/diario\/wp-json\/wp\/v2\/posts\/6158\/revisions"}],"wp:featuredmedia":[{"embeddable":true,"href":"https:\/\/armstrongyregion.com.ar\/diario\/wp-json\/wp\/v2\/media\/6159"}],"wp:attachment":[{"href":"https:\/\/armstrongyregion.com.ar\/diario\/wp-json\/wp\/v2\/media?parent=6158"}],"wp:term":[{"taxonomy":"category","embeddable":true,"href":"https:\/\/armstrongyregion.com.ar\/diario\/wp-json\/wp\/v2\/categories?post=6158"},{"taxonomy":"post_tag","embeddable":true,"href":"https:\/\/armstrongyregion.com.ar\/diario\/wp-json\/wp\/v2\/tags?post=6158"}],"curies":[{"name":"wp","href":"https:\/\/api.w.org\/{rel}","templated":true}]}}