{"id":6142,"date":"2016-02-16T02:39:51","date_gmt":"2016-02-16T02:39:51","guid":{"rendered":"https:\/\/armstrongyregion.com.ar\/diario\/?p=6142"},"modified":"2016-02-16T02:39:51","modified_gmt":"2016-02-16T02:39:51","slug":"las-rosas-paro-municipal-ambas-partes-mantienen-sus-posiciones","status":"publish","type":"post","link":"https:\/\/armstrongyregion.com.ar\/diario\/las-rosas-paro-municipal-ambas-partes-mantienen-sus-posiciones\/","title":{"rendered":"Las Rosas: Paro municipal: ambas partes mantienen sus posiciones."},"content":{"rendered":"<p><a href=\"http:\/\/armstrongyregion.com.ar\/diario\/wp-content\/uploads\/2016\/02\/Paro-Municipal..jpg\"><img loading=\"lazy\" decoding=\"async\" class=\"alignnone size-medium wp-image-6143\" src=\"http:\/\/armstrongyregion.com.ar\/diario\/wp-content\/uploads\/2016\/02\/Paro-Municipal.-300x184.jpg\" alt=\"Paro Municipal.\" width=\"300\" height=\"184\" srcset=\"https:\/\/armstrongyregion.com.ar\/diario\/wp-content\/uploads\/2016\/02\/Paro-Municipal.-300x184.jpg 300w, https:\/\/armstrongyregion.com.ar\/diario\/wp-content\/uploads\/2016\/02\/Paro-Municipal..jpg 768w\" sizes=\"auto, (max-width: 300px) 100vw, 300px\" \/><\/a>De madrugada, con bombas de estruendo, y marcha hacia la sede municipal se inici\u00f3 el paro de empleados municipales..<br \/>\nLos empleados se ubicaron sobre calle San Mart\u00edn frente a la sede del municipio. Desde all\u00ed se pudieron tener declaraciones de Claudio G\u00f3mez -secretario general de SITraM-, el Dr. Juan Bonardo -asesor legal del gremio- y Jes\u00fas Monz\u00f3n -secretario de organizaci\u00f3n de FESTraM-. Tambi\u00e9n habl\u00f3 el intendente Javier Meyer, reiterando su posici\u00f3n sobre la legalidad del decreto que descuenta adicionales y denunciando roturas de vidrios en el edificio municipal.<br \/>\nYa cerca del mediod\u00eda, a partir de una autoconvocatoria en la plaza Belgrano, un importante n\u00famero de vecinos se dirigi\u00f3 tambi\u00e9n hacia el municipio. Un cord\u00f3n policial separ\u00f3 a ambas partes.<br \/>\nLas Rosas Digital.<\/p>\n","protected":false},"excerpt":{"rendered":"<p>De madrugada, con bombas de estruendo, y marcha hacia la sede municipal se inici\u00f3 el paro de empleados municipales.. Los empleados se ubicaron sobre calle San Mart\u00edn frente a la sede del municipio. Desde all\u00ed se pudieron tener declaraciones de Claudio G\u00f3mez -secretario general de SITraM-, el Dr. Juan Bonardo -asesor legal del gremio- y <a href=\"https:\/\/armstrongyregion.com.ar\/diario\/las-rosas-paro-municipal-ambas-partes-mantienen-sus-posiciones\/\" title=\"Read more\" >&#8230;<\/a><\/p>\n","protected":false},"author":2,"featured_media":6143,"comment_status":"open","ping_status":"open","sticky":false,"template":"","format":"standard","meta":{"_jetpack_memberships_contains_paid_content":false,"footnotes":"","jetpack_publicize_message":"","jetpack_publicize_feature_enabled":true,"jetpack_social_post_already_shared":false,"jetpack_social_options":{"image_generator_settings":{"template":"highway","default_image_id":0,"enabled":false},"version":2}},"categories":[1,7,3],"tags":[23,524,1026,361],"class_list":["post-6142","post","type-post","status-publish","format-standard","has-post-thumbnail","hentry","category-diario-armstrong","category-politica","category-region","tag-las","tag-municipal","tag-paro","tag-rosas"],"jetpack_publicize_connections":[],"jetpack_featured_media_url":"https:\/\/armstrongyregion.com.ar\/diario\/wp-content\/uploads\/2016\/02\/Paro-Municipal..jpg","jetpack_shortlink":"https:\/\/wp.me\/p62QDO-1B4","jetpack_sharing_enabled":true,"amp_enabled":true,"_links":{"self":[{"href":"https:\/\/armstrongyregion.com.ar\/diario\/wp-json\/wp\/v2\/posts\/6142","targetHints":{"allow":["GET"]}}],"collection":[{"href":"https:\/\/armstrongyregion.com.ar\/diario\/wp-json\/wp\/v2\/posts"}],"about":[{"href":"https:\/\/armstrongyregion.com.ar\/diario\/wp-json\/wp\/v2\/types\/post"}],"author":[{"embeddable":true,"href":"https:\/\/armstrongyregion.com.ar\/diario\/wp-json\/wp\/v2\/users\/2"}],"replies":[{"embeddable":true,"href":"https:\/\/armstrongyregion.com.ar\/diario\/wp-json\/wp\/v2\/comments?post=6142"}],"version-history":[{"count":0,"href":"https:\/\/armstrongyregion.com.ar\/diario\/wp-json\/wp\/v2\/posts\/6142\/revisions"}],"wp:featuredmedia":[{"embeddable":true,"href":"https:\/\/armstrongyregion.com.ar\/diario\/wp-json\/wp\/v2\/media\/6143"}],"wp:attachment":[{"href":"https:\/\/armstrongyregion.com.ar\/diario\/wp-json\/wp\/v2\/media?parent=6142"}],"wp:term":[{"taxonomy":"category","embeddable":true,"href":"https:\/\/armstrongyregion.com.ar\/diario\/wp-json\/wp\/v2\/categories?post=6142"},{"taxonomy":"post_tag","embeddable":true,"href":"https:\/\/armstrongyregion.com.ar\/diario\/wp-json\/wp\/v2\/tags?post=6142"}],"curies":[{"name":"wp","href":"https:\/\/api.w.org\/{rel}","templated":true}]}}