{"id":6094,"date":"2016-02-09T16:04:19","date_gmt":"2016-02-09T16:04:19","guid":{"rendered":"https:\/\/armstrongyregion.com.ar\/diario\/?p=6094"},"modified":"2016-02-09T16:04:19","modified_gmt":"2016-02-09T16:04:19","slug":"gran-convocatoria-en-los-festejos-de-carnavales-en-armstrong","status":"publish","type":"post","link":"https:\/\/armstrongyregion.com.ar\/diario\/gran-convocatoria-en-los-festejos-de-carnavales-en-armstrong\/","title":{"rendered":"Gran convocatoria en los festejos de Carnavales en Armstrong."},"content":{"rendered":"<p><a href=\"http:\/\/armstrongyregion.com.ar\/diario\/wp-content\/uploads\/2016\/02\/carnavales-armstrong-.jpg\"><img loading=\"lazy\" decoding=\"async\" class=\"alignnone size-medium wp-image-6095\" src=\"http:\/\/armstrongyregion.com.ar\/diario\/wp-content\/uploads\/2016\/02\/carnavales-armstrong--300x169.jpg\" alt=\"carnavales-armstrong-\" width=\"300\" height=\"169\" srcset=\"https:\/\/armstrongyregion.com.ar\/diario\/wp-content\/uploads\/2016\/02\/carnavales-armstrong--300x169.jpg 300w, https:\/\/armstrongyregion.com.ar\/diario\/wp-content\/uploads\/2016\/02\/carnavales-armstrong-.jpg 960w\" sizes=\"auto, (max-width: 300px) 100vw, 300px\" \/><\/a>A partir de las 20,30hs grandes y chicos se concentraron alrededor de la Plaza San Mart\u00edn y \u00a0en los galpones M\u00e1s, donde disfrutaron de una noche con mucha m\u00fasica, colores y alegr\u00eda a trav\u00e9s de las presentaciones de los siguientes n\u00fameros art\u00edsticos: Grupo de danzas latinoamericanas \u201cWarmi\u201d dirigido por la profesora Soledad G\u00f3mez, la gran comparsa Libertad, Mariano \u00c1vila \u201cEl Rumbero\u201d un personaje distinto de la movida salsera rosarina, el taller municipal de danzas \u00e1rabes dirigido por la profesora Faty Ay\u00fan, la gran cantante Marisa L\u00f3pez, y un gran cierre bailable con una de las voces m\u00e1s importantes en la historia de la m\u00fasica popular de C\u00f3rdoba: Ale Ceberio, int\u00e9rprete, autor, compositor, due\u00f1o de una gran trayectoria, que lo ha convertido en uno de los artistas m\u00e1s destacados de la Argentina.<\/p>\n<p>Estuvieron presentes los integrantes de la Feria Sabores y Colores Locales ofreciendo sus producciones artesanales, el \u00a0servicio de buffet trabajo sin parar durante todo el evento.<\/p>\n<p>&nbsp;<\/p>\n","protected":false},"excerpt":{"rendered":"<p>A partir de las 20,30hs grandes y chicos se concentraron alrededor de la Plaza San Mart\u00edn y \u00a0en los galpones M\u00e1s, donde disfrutaron de una noche con mucha m\u00fasica, colores y alegr\u00eda a trav\u00e9s de las presentaciones de los siguientes n\u00fameros art\u00edsticos: Grupo de danzas latinoamericanas \u201cWarmi\u201d dirigido por la profesora Soledad G\u00f3mez, la gran <a href=\"https:\/\/armstrongyregion.com.ar\/diario\/gran-convocatoria-en-los-festejos-de-carnavales-en-armstrong\/\" title=\"Read more\" >&#8230;<\/a><\/p>\n","protected":false},"author":2,"featured_media":6095,"comment_status":"open","ping_status":"open","sticky":false,"template":"","format":"standard","meta":{"_jetpack_memberships_contains_paid_content":false,"footnotes":"","jetpack_publicize_message":"","jetpack_publicize_feature_enabled":true,"jetpack_social_post_already_shared":false,"jetpack_social_options":{"image_generator_settings":{"template":"highway","default_image_id":0,"enabled":false},"version":2}},"categories":[6,1,2,3],"tags":[20,810,451,19,15,841,405,42],"class_list":["post-6094","post","type-post","status-publish","format-standard","has-post-thumbnail","hentry","category-cultura-entretenimiento","category-diario-armstrong","category-locales","category-region","tag-armstrong","tag-carnavales","tag-convocatoria","tag-de","tag-en","tag-festejos","tag-gran","tag-los"],"jetpack_publicize_connections":[],"jetpack_featured_media_url":"https:\/\/armstrongyregion.com.ar\/diario\/wp-content\/uploads\/2016\/02\/carnavales-armstrong-.jpg","jetpack_shortlink":"https:\/\/wp.me\/p62QDO-1Ai","jetpack_sharing_enabled":true,"amp_enabled":true,"_links":{"self":[{"href":"https:\/\/armstrongyregion.com.ar\/diario\/wp-json\/wp\/v2\/posts\/6094","targetHints":{"allow":["GET"]}}],"collection":[{"href":"https:\/\/armstrongyregion.com.ar\/diario\/wp-json\/wp\/v2\/posts"}],"about":[{"href":"https:\/\/armstrongyregion.com.ar\/diario\/wp-json\/wp\/v2\/types\/post"}],"author":[{"embeddable":true,"href":"https:\/\/armstrongyregion.com.ar\/diario\/wp-json\/wp\/v2\/users\/2"}],"replies":[{"embeddable":true,"href":"https:\/\/armstrongyregion.com.ar\/diario\/wp-json\/wp\/v2\/comments?post=6094"}],"version-history":[{"count":0,"href":"https:\/\/armstrongyregion.com.ar\/diario\/wp-json\/wp\/v2\/posts\/6094\/revisions"}],"wp:featuredmedia":[{"embeddable":true,"href":"https:\/\/armstrongyregion.com.ar\/diario\/wp-json\/wp\/v2\/media\/6095"}],"wp:attachment":[{"href":"https:\/\/armstrongyregion.com.ar\/diario\/wp-json\/wp\/v2\/media?parent=6094"}],"wp:term":[{"taxonomy":"category","embeddable":true,"href":"https:\/\/armstrongyregion.com.ar\/diario\/wp-json\/wp\/v2\/categories?post=6094"},{"taxonomy":"post_tag","embeddable":true,"href":"https:\/\/armstrongyregion.com.ar\/diario\/wp-json\/wp\/v2\/tags?post=6094"}],"curies":[{"name":"wp","href":"https:\/\/api.w.org\/{rel}","templated":true}]}}