{"id":6087,"date":"2016-02-08T16:37:09","date_gmt":"2016-02-08T16:37:09","guid":{"rendered":"https:\/\/armstrongyregion.com.ar\/diario\/?p=6087"},"modified":"2016-02-08T16:37:09","modified_gmt":"2016-02-08T16:37:09","slug":"armstrong-hoy-lunes-8-de-febrero-festejamos-el-carnaval","status":"publish","type":"post","link":"https:\/\/armstrongyregion.com.ar\/diario\/armstrong-hoy-lunes-8-de-febrero-festejamos-el-carnaval\/","title":{"rendered":"Armstrong. Hoy, lunes 8 de febrero festejamos el carnaval."},"content":{"rendered":"<p><a href=\"http:\/\/armstrongyregion.com.ar\/diario\/wp-content\/uploads\/2016\/02\/carnaval.jpg\"><img loading=\"lazy\" decoding=\"async\" class=\"alignnone size-full wp-image-6089\" src=\"http:\/\/armstrongyregion.com.ar\/diario\/wp-content\/uploads\/2016\/02\/carnaval.jpg\" alt=\"carnaval\" width=\"219\" height=\"156\" \/><\/a>La Municipalidad de Armstrong a trav\u00e9s de la Secretar\u00eda de Educaci\u00f3n, Cultura y Deporte invita a todos a participar del festejo de carnaval 2016 que se realizar\u00e1 el lunes 8 de febrero desde las 20:30 hs. en calle Sanguinetti, frente a la Estaci\u00f3n M\u00e1s.<br \/>\nGrandes y chicos podr\u00e1n disfrutar de una noche con mucha m\u00fasica, colores y alegr\u00eda a trav\u00e9s de las presentaciones de los siguientes n\u00fameros art\u00edsticos: Grupo de danzas latinoamericanas \u201cWarmi\u201d dirigido por la profesora Soledad G\u00f3mez, la gran comparsa Libertad, Mariano \u00c1vila \u201cEl Rumbero\u201d un personaje distinto de la movida salsera rosarina, el taller municipal de danzas \u00e1rabes dirigido por la profesora Faty Ay\u00fan, la gran cantante Marisa L\u00f3pez, y un gran cierre bailable con una de las voces m\u00e1s importantes en la historia de la m\u00fasica popular de C\u00f3rdoba: Ale Ceberio, int\u00e9rprete, autor, compositor, due\u00f1o de una gran trayectoria, que lo ha convertido en uno de los artistas m\u00e1s destacados de la Argentina.<br \/>\nEstar\u00e1n presentes los integrantes de la Feria Sabores y Colores Locales ofreciendo sus producciones artesanales, y habr\u00e1 servicio de beffet.<br \/>\nLa entrada es libre y gratuita y el evento no se suspende por lluvia.<\/p>\n","protected":false},"excerpt":{"rendered":"<p>La Municipalidad de Armstrong a trav\u00e9s de la Secretar\u00eda de Educaci\u00f3n, Cultura y Deporte invita a todos a participar del festejo de carnaval 2016 que se realizar\u00e1 el lunes 8 de febrero desde las 20:30 hs. en calle Sanguinetti, frente a la Estaci\u00f3n M\u00e1s. Grandes y chicos podr\u00e1n disfrutar de una noche con mucha m\u00fasica, <a href=\"https:\/\/armstrongyregion.com.ar\/diario\/armstrong-hoy-lunes-8-de-febrero-festejamos-el-carnaval\/\" title=\"Read more\" >&#8230;<\/a><\/p>\n","protected":false},"author":2,"featured_media":6089,"comment_status":"open","ping_status":"open","sticky":false,"template":"","format":"standard","meta":{"_jetpack_memberships_contains_paid_content":false,"footnotes":"","jetpack_publicize_message":"","jetpack_publicize_feature_enabled":true,"jetpack_social_post_already_shared":false,"jetpack_social_options":{"image_generator_settings":{"template":"highway","default_image_id":0,"enabled":false},"version":2}},"categories":[6,1,2,3],"tags":[2491,20,842,19,16,876,2545,839],"class_list":["post-6087","post","type-post","status-publish","format-standard","has-post-thumbnail","hentry","category-cultura-entretenimiento","category-diario-armstrong","category-locales","category-region","tag-2491","tag-armstrong","tag-carnaval","tag-de","tag-el","tag-febrero","tag-festejamos","tag-hoy"],"jetpack_publicize_connections":[],"jetpack_featured_media_url":"https:\/\/armstrongyregion.com.ar\/diario\/wp-content\/uploads\/2016\/02\/carnaval.jpg","jetpack_shortlink":"https:\/\/wp.me\/p62QDO-1Ab","jetpack_sharing_enabled":true,"amp_enabled":true,"_links":{"self":[{"href":"https:\/\/armstrongyregion.com.ar\/diario\/wp-json\/wp\/v2\/posts\/6087","targetHints":{"allow":["GET"]}}],"collection":[{"href":"https:\/\/armstrongyregion.com.ar\/diario\/wp-json\/wp\/v2\/posts"}],"about":[{"href":"https:\/\/armstrongyregion.com.ar\/diario\/wp-json\/wp\/v2\/types\/post"}],"author":[{"embeddable":true,"href":"https:\/\/armstrongyregion.com.ar\/diario\/wp-json\/wp\/v2\/users\/2"}],"replies":[{"embeddable":true,"href":"https:\/\/armstrongyregion.com.ar\/diario\/wp-json\/wp\/v2\/comments?post=6087"}],"version-history":[{"count":0,"href":"https:\/\/armstrongyregion.com.ar\/diario\/wp-json\/wp\/v2\/posts\/6087\/revisions"}],"wp:featuredmedia":[{"embeddable":true,"href":"https:\/\/armstrongyregion.com.ar\/diario\/wp-json\/wp\/v2\/media\/6089"}],"wp:attachment":[{"href":"https:\/\/armstrongyregion.com.ar\/diario\/wp-json\/wp\/v2\/media?parent=6087"}],"wp:term":[{"taxonomy":"category","embeddable":true,"href":"https:\/\/armstrongyregion.com.ar\/diario\/wp-json\/wp\/v2\/categories?post=6087"},{"taxonomy":"post_tag","embeddable":true,"href":"https:\/\/armstrongyregion.com.ar\/diario\/wp-json\/wp\/v2\/tags?post=6087"}],"curies":[{"name":"wp","href":"https:\/\/api.w.org\/{rel}","templated":true}]}}