{"id":6084,"date":"2016-02-08T16:27:53","date_gmt":"2016-02-08T16:27:53","guid":{"rendered":"https:\/\/armstrongyregion.com.ar\/diario\/?p=6084"},"modified":"2016-02-08T16:27:53","modified_gmt":"2016-02-08T16:27:53","slug":"siguen-las-lluvias-pero-ceso-el-alerta-para-el-sur-de-santa-fe","status":"publish","type":"post","link":"https:\/\/armstrongyregion.com.ar\/diario\/siguen-las-lluvias-pero-ceso-el-alerta-para-el-sur-de-santa-fe\/","title":{"rendered":"Siguen las lluvias, pero ces\u00f3 el alerta para el sur de Santa Fe."},"content":{"rendered":"<p><a href=\"http:\/\/armstrongyregion.com.ar\/diario\/wp-content\/uploads\/2016\/02\/lluvia.jpg\"><img loading=\"lazy\" decoding=\"async\" class=\"alignnone size-medium wp-image-6085\" src=\"http:\/\/armstrongyregion.com.ar\/diario\/wp-content\/uploads\/2016\/02\/lluvia-300x225.jpg\" alt=\"lluvia\" width=\"300\" height=\"225\" srcset=\"https:\/\/armstrongyregion.com.ar\/diario\/wp-content\/uploads\/2016\/02\/lluvia-300x225.jpg 300w, https:\/\/armstrongyregion.com.ar\/diario\/wp-content\/uploads\/2016\/02\/lluvia.jpg 768w\" sizes=\"auto, (max-width: 300px) 100vw, 300px\" \/><\/a>El Servicio Meteorol\u00f3gico indic\u00f3 que pueden seguir las precipitaciones, pero ya no las tormentas fuertes. Ma\u00f1ana vuelven el sol y el calor extremo.<br \/>\nSigue la lluvia y el calor no se va. Al menos por unos cuantos d\u00edas, seg\u00fan el pron\u00f3stico del Servicio Meteorolog\u00eda Nacional (SMN). Adem\u00e1s, el organismo renov\u00f3 el alerta meteorol\u00f3gico por tormentas fuertes en la regi\u00f3n.<br \/>\nLa lluvia hizo que aflojara el calor, pero un poco: la m\u00e1xima de este lunes est\u00e1 pronosticada en 31 grados. Las precipitaciones seguir\u00e1n, seg\u00fan el SMN, todo el d\u00eda.<br \/>\nPara los pr\u00f3ximos d\u00edas, en tanto, se espera que vuelva el sol y con \u00e9l suban otra vez fuerte las temperaturas: para martes, mi\u00e9rcoles y jueves se esperan m\u00e1ximas de entre 35 y 38 grados.<\/p>\n","protected":false},"excerpt":{"rendered":"<p>El Servicio Meteorol\u00f3gico indic\u00f3 que pueden seguir las precipitaciones, pero ya no las tormentas fuertes. Ma\u00f1ana vuelven el sol y el calor extremo. Sigue la lluvia y el calor no se va. Al menos por unos cuantos d\u00edas, seg\u00fan el pron\u00f3stico del Servicio Meteorolog\u00eda Nacional (SMN). Adem\u00e1s, el organismo renov\u00f3 el alerta meteorol\u00f3gico por tormentas <a href=\"https:\/\/armstrongyregion.com.ar\/diario\/siguen-las-lluvias-pero-ceso-el-alerta-para-el-sur-de-santa-fe\/\" title=\"Read more\" >&#8230;<\/a><\/p>\n","protected":false},"author":2,"featured_media":6085,"comment_status":"open","ping_status":"open","sticky":false,"template":"","format":"standard","meta":{"_jetpack_memberships_contains_paid_content":false,"footnotes":"","jetpack_publicize_message":"","jetpack_publicize_feature_enabled":true,"jetpack_social_post_already_shared":false,"jetpack_social_options":{"image_generator_settings":{"template":"highway","default_image_id":0,"enabled":false},"version":2}},"categories":[1,2,3],"tags":[230,2517,16,23,416,3433,13],"class_list":["post-6084","post","type-post","status-publish","format-standard","has-post-thumbnail","hentry","category-diario-armstrong","category-locales","category-region","tag-alerta","tag-ceso","tag-el","tag-las","tag-lluvias","tag-siguen","tag-y"],"jetpack_publicize_connections":[],"jetpack_featured_media_url":"https:\/\/armstrongyregion.com.ar\/diario\/wp-content\/uploads\/2016\/02\/lluvia.jpg","jetpack_shortlink":"https:\/\/wp.me\/p62QDO-1A8","jetpack_sharing_enabled":true,"amp_enabled":true,"_links":{"self":[{"href":"https:\/\/armstrongyregion.com.ar\/diario\/wp-json\/wp\/v2\/posts\/6084","targetHints":{"allow":["GET"]}}],"collection":[{"href":"https:\/\/armstrongyregion.com.ar\/diario\/wp-json\/wp\/v2\/posts"}],"about":[{"href":"https:\/\/armstrongyregion.com.ar\/diario\/wp-json\/wp\/v2\/types\/post"}],"author":[{"embeddable":true,"href":"https:\/\/armstrongyregion.com.ar\/diario\/wp-json\/wp\/v2\/users\/2"}],"replies":[{"embeddable":true,"href":"https:\/\/armstrongyregion.com.ar\/diario\/wp-json\/wp\/v2\/comments?post=6084"}],"version-history":[{"count":0,"href":"https:\/\/armstrongyregion.com.ar\/diario\/wp-json\/wp\/v2\/posts\/6084\/revisions"}],"wp:featuredmedia":[{"embeddable":true,"href":"https:\/\/armstrongyregion.com.ar\/diario\/wp-json\/wp\/v2\/media\/6085"}],"wp:attachment":[{"href":"https:\/\/armstrongyregion.com.ar\/diario\/wp-json\/wp\/v2\/media?parent=6084"}],"wp:term":[{"taxonomy":"category","embeddable":true,"href":"https:\/\/armstrongyregion.com.ar\/diario\/wp-json\/wp\/v2\/categories?post=6084"},{"taxonomy":"post_tag","embeddable":true,"href":"https:\/\/armstrongyregion.com.ar\/diario\/wp-json\/wp\/v2\/tags?post=6084"}],"curies":[{"name":"wp","href":"https:\/\/api.w.org\/{rel}","templated":true}]}}