{"id":6064,"date":"2016-02-06T15:18:51","date_gmt":"2016-02-06T15:18:51","guid":{"rendered":"https:\/\/armstrongyregion.com.ar\/diario\/?p=6064"},"modified":"2016-02-06T15:21:03","modified_gmt":"2016-02-06T15:21:03","slug":"miles-de-personas-presentes-en-el-inicio-de-las-tres-lunas","status":"publish","type":"post","link":"https:\/\/armstrongyregion.com.ar\/diario\/miles-de-personas-presentes-en-el-inicio-de-las-tres-lunas\/","title":{"rendered":"Miles de personas presentes en el inicio de las Tres Lunas."},"content":{"rendered":"<p><a href=\"http:\/\/armstrongyregion.com.ar\/diario\/wp-content\/uploads\/2016\/02\/Lifschitz-Maria-Luisa.jpg\"><img loading=\"lazy\" decoding=\"async\" class=\"alignnone size-medium wp-image-6065\" src=\"http:\/\/armstrongyregion.com.ar\/diario\/wp-content\/uploads\/2016\/02\/Lifschitz-Maria-Luisa-300x171.jpg\" alt=\"Lifschitz-Maria-Luisa\" width=\"300\" height=\"171\" srcset=\"https:\/\/armstrongyregion.com.ar\/diario\/wp-content\/uploads\/2016\/02\/Lifschitz-Maria-Luisa-300x171.jpg 300w, https:\/\/armstrongyregion.com.ar\/diario\/wp-content\/uploads\/2016\/02\/Lifschitz-Maria-Luisa.jpg 960w\" sizes=\"auto, (max-width: 300px) 100vw, 300px\" \/><\/a>Este viernes comenz\u00f3 la vig\u00e9simo novena edici\u00f3n del festival con la presentaci\u00f3n de la Orquesta Municipal de Tango y \u201cSexteto Milonguero\u201d.<br \/>\nEsta noche desde las 21 hs. la segunda jornada con el cierre de \u201cLas Voces De Gerardo L\u00f3pez\u201d.<\/p>\n<p>Este viernes comenzaron las tres lunas en una jornada predominantemente tanguera en la que se presentaron entre otros artistas, la Orquesta<br \/>\nMunicipal de Tango y Sexteto Milonguero ante miles de personas que se acercaron al polideportivo V\u00edctor y Agulino Carbonari.<br \/>\nLuego de la cl\u00e1sica apertura oficial con el canto de las tres lunas, la<br \/>\nintendenta Stella Cl\u00e9rici y el gobernador Miguel Lifschitz<br \/>\nintercambiaron presentes y dirigieron unas palabras al p\u00fablico presente,<br \/>\npara luego recorrer el predio y los distintos puestos que le dan un<br \/>\nmarco especial a cada noche. Por primera vez un gobernador visit\u00f3 el<br \/>\nfestival y recibi\u00f3 copia del decreto que lo declara visitante<br \/>\ndistinguido.<br \/>\nLas Lunas contin\u00faan esta s\u00e1bado desde las 21 hs con la presentaci\u00f3n de:<br \/>\nBallet Estudio Integral De Arte En Danzas \u201cCarcara\u00f1a\u201d, Jes\u00fas Montes Y<br \/>\nSu Banda, Grupo \u201cLuz De Sol\u201d, Academia \u201cDanza Con Alma\u201d, Grupo<br \/>\n\u201cConfusion\u201d, Carina Schell, Apertura Oficial \u201cEl Canto De Las Tres<br \/>\nLunas\u201d, Ballet \u201cMi Ciudad Y El Folklore\u201d, Marcelo Ledesma, Compa\u00f1\u00eda<br \/>\n\u201cAlma Argentina\u201d, Marina Salvatelli, Ballet Folkl\u00f3rico \u201cTradiciones De<br \/>\nLa Villa\u201d, Facundo Arcec, Ricardo Palavecino y el gran cierre a cargo de<br \/>\n\u201cLas Voces De Gerardo L\u00f3pez\u201d.<\/p>\n<p>Imagen: Nahuel Cejas.<\/p>\n","protected":false},"excerpt":{"rendered":"<p>Este viernes comenz\u00f3 la vig\u00e9simo novena edici\u00f3n del festival con la presentaci\u00f3n de la Orquesta Municipal de Tango y \u201cSexteto Milonguero\u201d. Esta noche desde las 21 hs. la segunda jornada con el cierre de \u201cLas Voces De Gerardo L\u00f3pez\u201d. Este viernes comenzaron las tres lunas en una jornada predominantemente tanguera en la que se presentaron <a href=\"https:\/\/armstrongyregion.com.ar\/diario\/miles-de-personas-presentes-en-el-inicio-de-las-tres-lunas\/\" title=\"Read more\" >&#8230;<\/a><\/p>\n","protected":false},"author":2,"featured_media":6065,"comment_status":"open","ping_status":"open","sticky":false,"template":"","format":"standard","meta":{"_jetpack_memberships_contains_paid_content":false,"footnotes":"","jetpack_publicize_message":"","jetpack_publicize_feature_enabled":true,"jetpack_social_post_already_shared":false,"jetpack_social_options":{"image_generator_settings":{"template":"highway","default_image_id":0,"enabled":false},"version":2}},"categories":[6,1,3],"tags":[19,16,15,174,23,335,3237,696,3423,43],"class_list":["post-6064","post","type-post","status-publish","format-standard","has-post-thumbnail","hentry","category-cultura-entretenimiento","category-diario-armstrong","category-region","tag-de","tag-el","tag-en","tag-inicio","tag-las","tag-lunas","tag-miles","tag-personas","tag-presentes","tag-tres"],"jetpack_publicize_connections":[],"jetpack_featured_media_url":"https:\/\/armstrongyregion.com.ar\/diario\/wp-content\/uploads\/2016\/02\/Lifschitz-Maria-Luisa.jpg","jetpack_shortlink":"https:\/\/wp.me\/p62QDO-1zO","jetpack_sharing_enabled":true,"amp_enabled":true,"_links":{"self":[{"href":"https:\/\/armstrongyregion.com.ar\/diario\/wp-json\/wp\/v2\/posts\/6064","targetHints":{"allow":["GET"]}}],"collection":[{"href":"https:\/\/armstrongyregion.com.ar\/diario\/wp-json\/wp\/v2\/posts"}],"about":[{"href":"https:\/\/armstrongyregion.com.ar\/diario\/wp-json\/wp\/v2\/types\/post"}],"author":[{"embeddable":true,"href":"https:\/\/armstrongyregion.com.ar\/diario\/wp-json\/wp\/v2\/users\/2"}],"replies":[{"embeddable":true,"href":"https:\/\/armstrongyregion.com.ar\/diario\/wp-json\/wp\/v2\/comments?post=6064"}],"version-history":[{"count":0,"href":"https:\/\/armstrongyregion.com.ar\/diario\/wp-json\/wp\/v2\/posts\/6064\/revisions"}],"wp:featuredmedia":[{"embeddable":true,"href":"https:\/\/armstrongyregion.com.ar\/diario\/wp-json\/wp\/v2\/media\/6065"}],"wp:attachment":[{"href":"https:\/\/armstrongyregion.com.ar\/diario\/wp-json\/wp\/v2\/media?parent=6064"}],"wp:term":[{"taxonomy":"category","embeddable":true,"href":"https:\/\/armstrongyregion.com.ar\/diario\/wp-json\/wp\/v2\/categories?post=6064"},{"taxonomy":"post_tag","embeddable":true,"href":"https:\/\/armstrongyregion.com.ar\/diario\/wp-json\/wp\/v2\/tags?post=6064"}],"curies":[{"name":"wp","href":"https:\/\/api.w.org\/{rel}","templated":true}]}}