{"id":6058,"date":"2016-02-06T14:59:48","date_gmt":"2016-02-06T14:59:48","guid":{"rendered":"https:\/\/armstrongyregion.com.ar\/diario\/?p=6058"},"modified":"2016-02-06T14:59:48","modified_gmt":"2016-02-06T14:59:48","slug":"canada-de-gomez-clerici-recibio-a-lifschitz-en-las-tres-lunas","status":"publish","type":"post","link":"https:\/\/armstrongyregion.com.ar\/diario\/canada-de-gomez-clerici-recibio-a-lifschitz-en-las-tres-lunas\/","title":{"rendered":"Ca\u00f1ada de G\u00f3mez. Cl\u00e9rici recibi\u00f3 a Lifschitz en las Tres Lunas."},"content":{"rendered":"<p><a href=\"http:\/\/armstrongyregion.com.ar\/diario\/wp-content\/uploads\/2016\/02\/Clerici-Lifschitz.jpg\"><img loading=\"lazy\" decoding=\"async\" class=\"alignnone size-medium wp-image-6059\" src=\"http:\/\/armstrongyregion.com.ar\/diario\/wp-content\/uploads\/2016\/02\/Clerici-Lifschitz-300x220.jpg\" alt=\"Clerici-Lifschitz\" width=\"300\" height=\"220\" srcset=\"https:\/\/armstrongyregion.com.ar\/diario\/wp-content\/uploads\/2016\/02\/Clerici-Lifschitz-300x220.jpg 300w, https:\/\/armstrongyregion.com.ar\/diario\/wp-content\/uploads\/2016\/02\/Clerici-Lifschitz.jpg 768w\" sizes=\"auto, (max-width: 300px) 100vw, 300px\" \/><\/a>Este viernes comenz\u00f3 la 29\u00ba edici\u00f3n del Festival. La mandataria municipal declar\u00f3 visitante distinguido al gobernador.<\/p>\n<p>En el comienzo de la 29\u00ba edici\u00f3n del Festival las Tres Lunas de Ca\u00f1ada la intendenta Stela Cl\u00e9rici recibi\u00f3 a la m\u00e1xima autoridad provincial<br \/>\nMiguel Lifschitz, a quien declar\u00f3 visitante distinguido y agradeci\u00f3 que por primera vez un gobernador visite el Festival.<br \/>\nCl\u00e9rici entreg\u00f3 a modo de obsequio copas de la Cooperativa de Trabajo Cristaler\u00eda Vitrofin y expres\u00f3 \u201ces un orgullo que por primera vez un<br \/>\ngobernador visite Las Tres Lunas y en este caso un amigo como es Miguel<br \/>\nLifschitz\u201d.<br \/>\nA su vez destac\u00f3 el trabajo de la comisi\u00f3n organizadora junto a trabajadores municipales por \u201cpermitir que el barrio y el festival siga<br \/>\ncreciendo como quer\u00edan Carlitos Faul y la Lala\u201d. Por su parte Lifschitz<br \/>\nobsequi\u00f3 una placa con una r\u00e9plica de la Casa de Gobierno provincial y<br \/>\nmanifest\u00f3 \u201cestoy muy contento de visitar esta gran ciudad como es Ca\u00f1ada<br \/>\nde G\u00f3mez\u201d, adem\u00e1s de mostrar su \u201ccompromiso por trabajar conjuntamente<br \/>\npara traer las obras que hacen falta y son necesarias\u201d.<br \/>\nFinalmente ambas autoridades adelantaron que volver\u00e1n a reunirse en la<br \/>\nciudad en las pr\u00f3ximas semanas en el marco de una nueva visita del<br \/>\ngobernador.<\/p>\n","protected":false},"excerpt":{"rendered":"<p>Este viernes comenz\u00f3 la 29\u00ba edici\u00f3n del Festival. La mandataria municipal declar\u00f3 visitante distinguido al gobernador. En el comienzo de la 29\u00ba edici\u00f3n del Festival las Tres Lunas de Ca\u00f1ada la intendenta Stela Cl\u00e9rici recibi\u00f3 a la m\u00e1xima autoridad provincial Miguel Lifschitz, a quien declar\u00f3 visitante distinguido y agradeci\u00f3 que por primera vez un gobernador <a href=\"https:\/\/armstrongyregion.com.ar\/diario\/canada-de-gomez-clerici-recibio-a-lifschitz-en-las-tres-lunas\/\" title=\"Read more\" >&#8230;<\/a><\/p>\n","protected":false},"author":2,"featured_media":6059,"comment_status":"open","ping_status":"open","sticky":false,"template":"","format":"standard","meta":{"_jetpack_memberships_contains_paid_content":false,"footnotes":"","jetpack_publicize_message":"","jetpack_publicize_feature_enabled":true,"jetpack_social_post_already_shared":false,"jetpack_social_options":{"image_generator_settings":{"template":"highway","default_image_id":0,"enabled":false},"version":2}},"categories":[6,1,3],"tags":[33,83,15,23,34,335,496,43],"class_list":["post-6058","post","type-post","status-publish","format-standard","has-post-thumbnail","hentry","category-cultura-entretenimiento","category-diario-armstrong","category-region","tag-a","tag-clerici","tag-en","tag-las","tag-lifschitz","tag-lunas","tag-recibio","tag-tres"],"jetpack_publicize_connections":[],"jetpack_featured_media_url":"https:\/\/armstrongyregion.com.ar\/diario\/wp-content\/uploads\/2016\/02\/Clerici-Lifschitz.jpg","jetpack_shortlink":"https:\/\/wp.me\/p62QDO-1zI","jetpack_sharing_enabled":true,"amp_enabled":true,"_links":{"self":[{"href":"https:\/\/armstrongyregion.com.ar\/diario\/wp-json\/wp\/v2\/posts\/6058","targetHints":{"allow":["GET"]}}],"collection":[{"href":"https:\/\/armstrongyregion.com.ar\/diario\/wp-json\/wp\/v2\/posts"}],"about":[{"href":"https:\/\/armstrongyregion.com.ar\/diario\/wp-json\/wp\/v2\/types\/post"}],"author":[{"embeddable":true,"href":"https:\/\/armstrongyregion.com.ar\/diario\/wp-json\/wp\/v2\/users\/2"}],"replies":[{"embeddable":true,"href":"https:\/\/armstrongyregion.com.ar\/diario\/wp-json\/wp\/v2\/comments?post=6058"}],"version-history":[{"count":0,"href":"https:\/\/armstrongyregion.com.ar\/diario\/wp-json\/wp\/v2\/posts\/6058\/revisions"}],"wp:featuredmedia":[{"embeddable":true,"href":"https:\/\/armstrongyregion.com.ar\/diario\/wp-json\/wp\/v2\/media\/6059"}],"wp:attachment":[{"href":"https:\/\/armstrongyregion.com.ar\/diario\/wp-json\/wp\/v2\/media?parent=6058"}],"wp:term":[{"taxonomy":"category","embeddable":true,"href":"https:\/\/armstrongyregion.com.ar\/diario\/wp-json\/wp\/v2\/categories?post=6058"},{"taxonomy":"post_tag","embeddable":true,"href":"https:\/\/armstrongyregion.com.ar\/diario\/wp-json\/wp\/v2\/tags?post=6058"}],"curies":[{"name":"wp","href":"https:\/\/api.w.org\/{rel}","templated":true}]}}