{"id":6038,"date":"2016-02-05T14:11:30","date_gmt":"2016-02-05T14:11:30","guid":{"rendered":"https:\/\/armstrongyregion.com.ar\/diario\/?p=6038"},"modified":"2016-02-05T14:11:30","modified_gmt":"2016-02-05T14:11:30","slug":"canada-de-gomez-el-municipio-intensifica-medidas-contra-el-dengue","status":"publish","type":"post","link":"https:\/\/armstrongyregion.com.ar\/diario\/canada-de-gomez-el-municipio-intensifica-medidas-contra-el-dengue\/","title":{"rendered":"Ca\u00f1ada de G\u00f3mez. El municipio intensifica medidas contra el dengue."},"content":{"rendered":"<p><a href=\"http:\/\/armstrongyregion.com.ar\/diario\/wp-content\/uploads\/2016\/02\/DENGUE-ZONAS-1.jpg\"><img loading=\"lazy\" decoding=\"async\" class=\"alignnone size-medium wp-image-6039\" src=\"http:\/\/armstrongyregion.com.ar\/diario\/wp-content\/uploads\/2016\/02\/DENGUE-ZONAS-1-300x232.jpg\" alt=\"DENGUE ZONAS (1)\" width=\"300\" height=\"232\" srcset=\"https:\/\/armstrongyregion.com.ar\/diario\/wp-content\/uploads\/2016\/02\/DENGUE-ZONAS-1-300x232.jpg 300w, https:\/\/armstrongyregion.com.ar\/diario\/wp-content\/uploads\/2016\/02\/DENGUE-ZONAS-1.jpg 768w\" sizes=\"auto, (max-width: 300px) 100vw, 300px\" \/><\/a>Comienza una campa\u00f1a de prevenci\u00f3n y descacharrizaci\u00f3n que se lleva a cabo simult\u00e1neamente con el cronograma zonificado de corte de malezas y<br \/>\nretiro de ramas, pastos y escombros.<\/p>\n<p>En el marco de las tareas para evitar la proliferaci\u00f3n del dengue, el municipio intensifica medidas de prevenci\u00f3n y descacharrizaci\u00f3n casa por<br \/>\ncasa, convocando tambi\u00e9n al Hospital San Jos\u00e9 y complement\u00e1ndolas con<br \/>\niniciativas que se vienen llevando adelante desde el comienzo de la<br \/>\ntemporada estival.<br \/>\nSumado a la fumigaci\u00f3n en distintos sectores de la ciudad junto al<br \/>\ncronograma de desmalezamiento y de la misma manera que se realiza la<br \/>\nrecolecci\u00f3n de ramas, pasto y escombros por zona, se llevar\u00e1 cabo esta<br \/>\ncampa\u00f1a de descacharrizaci\u00f3n y concientizaci\u00f3n comenzando el pr\u00f3ximo<br \/>\nmi\u00e9rcoles 10 y jueves 11 de febrero en el sector comprendido al sur de<br \/>\nlas v\u00edas f\u00e9rreas.<br \/>\nLa intendenta Stella Cl\u00e9rici junto al secretario de Gobierno Juan<br \/>\nCarlos Tocalli explic\u00f3 que personal debidamente identificado recorrer\u00e1<br \/>\nlos hogares ca\u00f1adenses fomentando los h\u00e1bitos para evitar la<br \/>\nproliferaci\u00f3n del dengue. \u201cEs necesario llevar a cabo esta fuerte<br \/>\ncampa\u00f1a, para la que convocamos al Hospital, para afrontar en nuestra<br \/>\nciudad la problem\u00e1tica del avance de la epidemia del dengue\u201d, expresaron<br \/>\nlas autoridades.<br \/>\nEn este sentido, desde la gesti\u00f3n municipal se remiti\u00f3 al concejo un<br \/>\nproyecto de ordenanza que establece una serie de medidas tendientes a<br \/>\nevitar la reproducci\u00f3n del mosquito en nuestra ciudad, entre ellas:<br \/>\nprohibir de forma absoluta arrojar agua en la calzada todos los d\u00edas de<br \/>\nla semana, suspendiendo la ordenanza que reglamenta el lavado de<br \/>\nveredas; exigir el vaciamiento de natatorios y grandes contenedores de<br \/>\nagua o su mantenimiento con niveles de cloro adecuado; prohibir a<br \/>\ngomer\u00edas, desarmaderos y todo otro lugar af\u00edn acumular cubiertas en<br \/>\ndesuso y elementos que faciliten la acumulaci\u00f3n de agua; sancionar con<br \/>\nmultas a quienes no cumplan las disposiciones anteriores.<br \/>\nEl cronograma establecido por la comisi\u00f3n para la descacharrizaci\u00f3n es<br \/>\nel siguiente:<br \/>\n10 y 11 de febrero: zona 3 (v\u00edas f\u00e9rreas hacia el sur)<br \/>\n15 y 16 de febrero: zona 4 (Avenida Santa fe hacia el norte)<br \/>\n17 y 18 de febrero: zona 1 (entre Av. Santa Fe y v\u00edas f\u00e9rreas, de San<br \/>\nMart\u00edn hacia el oeste)<br \/>\n22 y 23 de febrero: zona 2 (entre Av. Santa Fe y v\u00edas f\u00e9rreas, de San<br \/>\nMart\u00edn hacia el este)<br \/>\n24 y 25 de febrero: zona 3 (v\u00edas f\u00e9rreas hacia el sur)<br \/>\n29 de febrero y 1 de marzo: zona 4 (Avenida Santa fe hacia el norte)<br \/>\n2 y 3 de marzo: zona 1 (entre Av. Santa Fe y v\u00edas f\u00e9rreas, de San<br \/>\nMart\u00edn hacia el oeste)<br \/>\n7 y 8 de marzo: zona 2 (entre Av. Santa Fe y v\u00edas f\u00e9rreas, de San<br \/>\nMart\u00edn hacia el este)<br \/>\n9 y 10 de marzo: zona 3 (v\u00edas f\u00e9rreas hacia el sur)<br \/>\n14 y 15 de marzo: zona 4 (Avenida Santa fe hacia el norte)<\/p>\n","protected":false},"excerpt":{"rendered":"<p>Comienza una campa\u00f1a de prevenci\u00f3n y descacharrizaci\u00f3n que se lleva a cabo simult\u00e1neamente con el cronograma zonificado de corte de malezas y retiro de ramas, pastos y escombros. En el marco de las tareas para evitar la proliferaci\u00f3n del dengue, el municipio intensifica medidas de prevenci\u00f3n y descacharrizaci\u00f3n casa por casa, convocando tambi\u00e9n al Hospital <a href=\"https:\/\/armstrongyregion.com.ar\/diario\/canada-de-gomez-el-municipio-intensifica-medidas-contra-el-dengue\/\" title=\"Read more\" >&#8230;<\/a><\/p>\n","protected":false},"author":2,"featured_media":6039,"comment_status":"open","ping_status":"open","sticky":false,"template":"","format":"standard","meta":{"_jetpack_memberships_contains_paid_content":false,"footnotes":"","jetpack_publicize_message":"","jetpack_publicize_feature_enabled":true,"jetpack_social_post_already_shared":false,"jetpack_social_options":{"image_generator_settings":{"template":"highway","default_image_id":0,"enabled":false},"version":2}},"categories":[1,4,3],"tags":[163,19,3363,164],"class_list":["post-6038","post","type-post","status-publish","format-standard","has-post-thumbnail","hentry","category-diario-armstrong","category-prevencion-salud","category-region","tag-canada","tag-de","tag-dengue","tag-gomez"],"jetpack_publicize_connections":[],"jetpack_featured_media_url":"https:\/\/armstrongyregion.com.ar\/diario\/wp-content\/uploads\/2016\/02\/DENGUE-ZONAS-1.jpg","jetpack_shortlink":"https:\/\/wp.me\/p62QDO-1zo","jetpack_sharing_enabled":true,"amp_enabled":true,"_links":{"self":[{"href":"https:\/\/armstrongyregion.com.ar\/diario\/wp-json\/wp\/v2\/posts\/6038","targetHints":{"allow":["GET"]}}],"collection":[{"href":"https:\/\/armstrongyregion.com.ar\/diario\/wp-json\/wp\/v2\/posts"}],"about":[{"href":"https:\/\/armstrongyregion.com.ar\/diario\/wp-json\/wp\/v2\/types\/post"}],"author":[{"embeddable":true,"href":"https:\/\/armstrongyregion.com.ar\/diario\/wp-json\/wp\/v2\/users\/2"}],"replies":[{"embeddable":true,"href":"https:\/\/armstrongyregion.com.ar\/diario\/wp-json\/wp\/v2\/comments?post=6038"}],"version-history":[{"count":0,"href":"https:\/\/armstrongyregion.com.ar\/diario\/wp-json\/wp\/v2\/posts\/6038\/revisions"}],"wp:featuredmedia":[{"embeddable":true,"href":"https:\/\/armstrongyregion.com.ar\/diario\/wp-json\/wp\/v2\/media\/6039"}],"wp:attachment":[{"href":"https:\/\/armstrongyregion.com.ar\/diario\/wp-json\/wp\/v2\/media?parent=6038"}],"wp:term":[{"taxonomy":"category","embeddable":true,"href":"https:\/\/armstrongyregion.com.ar\/diario\/wp-json\/wp\/v2\/categories?post=6038"},{"taxonomy":"post_tag","embeddable":true,"href":"https:\/\/armstrongyregion.com.ar\/diario\/wp-json\/wp\/v2\/tags?post=6038"}],"curies":[{"name":"wp","href":"https:\/\/api.w.org\/{rel}","templated":true}]}}