{"id":6025,"date":"2016-02-04T11:28:21","date_gmt":"2016-02-04T11:28:21","guid":{"rendered":"https:\/\/armstrongyregion.com.ar\/diario\/?p=6025"},"modified":"2016-02-04T11:28:21","modified_gmt":"2016-02-04T11:28:21","slug":"santa-fe-y-cordoba-avanzan-en-acuerdos-sobre-cuencas-interjurisdiccionales","status":"publish","type":"post","link":"https:\/\/armstrongyregion.com.ar\/diario\/santa-fe-y-cordoba-avanzan-en-acuerdos-sobre-cuencas-interjurisdiccionales\/","title":{"rendered":"Santa Fe y C\u00f3rdoba avanzan en acuerdos sobre Cuencas Interjurisdiccionales."},"content":{"rendered":"<p><a href=\"http:\/\/armstrongyregion.com.ar\/diario\/wp-content\/uploads\/2016\/02\/facturas-apocrifas.jpg\"><img loading=\"lazy\" decoding=\"async\" class=\"alignnone size-medium wp-image-6026\" src=\"http:\/\/armstrongyregion.com.ar\/diario\/wp-content\/uploads\/2016\/02\/facturas-apocrifas-300x162.jpg\" alt=\"facturas apocrifas\" width=\"300\" height=\"162\" srcset=\"https:\/\/armstrongyregion.com.ar\/diario\/wp-content\/uploads\/2016\/02\/facturas-apocrifas-300x162.jpg 300w, https:\/\/armstrongyregion.com.ar\/diario\/wp-content\/uploads\/2016\/02\/facturas-apocrifas.jpg 306w\" sizes=\"auto, (max-width: 300px) 100vw, 300px\" \/><\/a>Este jueves a las 10:30 en la localidad de Armstrong, el ministro de Infraestructura y Transporte, Jos\u00e9 Garibay, se reunir\u00e1 con su par de la cartera de Aguas, Ambiente y Servicios P\u00fablicos de C\u00f3rdoba.<br \/>\nEl ministro de Infraestructura y Transporte de la provincia de Santa Fe, Jos\u00e9 Garibay, mantendr\u00e1 una reuni\u00f3n con el ministro de Aguas, Ambiente y Servicios P\u00fablicos de la provincia de C\u00f3rdoba, Fabi\u00e1n L\u00f3pez, con el objetivo de lograr acuerdos en materia de excesos h\u00eddricos para la Cuenca del Carcara\u00f1\u00e1.<br \/>\nSer\u00e1 este jueves a las 10:30 en el sal\u00f3n municipal de la localidad de Armstrong, sito en San Mart\u00edn 1565.<br \/>\nLuego de ese encuentro, a las 12:30, ambos funcionarios recibir\u00e1n a intendentes y presidentes comunales de las localidades santafesinas de Armstrong, Bouquet, Montes de Oca, Tortugas, Arequito, Casilda, Los Molinos, Los Quirquinchos, San Jos\u00e9 de la Esquina, Bustinza, Villa Eloisa, Gaboto, Aldao, Carcara\u00f1\u00e1, Luis Palacios y Timb\u00faes.<\/p>\n","protected":false},"excerpt":{"rendered":"<p>Este jueves a las 10:30 en la localidad de Armstrong, el ministro de Infraestructura y Transporte, Jos\u00e9 Garibay, se reunir\u00e1 con su par de la cartera de Aguas, Ambiente y Servicios P\u00fablicos de C\u00f3rdoba. El ministro de Infraestructura y Transporte de la provincia de Santa Fe, Jos\u00e9 Garibay, mantendr\u00e1 una reuni\u00f3n con el ministro de <a href=\"https:\/\/armstrongyregion.com.ar\/diario\/santa-fe-y-cordoba-avanzan-en-acuerdos-sobre-cuencas-interjurisdiccionales\/\" title=\"Read more\" >&#8230;<\/a><\/p>\n","protected":false},"author":2,"featured_media":6026,"comment_status":"open","ping_status":"open","sticky":false,"template":"","format":"standard","meta":{"_jetpack_memberships_contains_paid_content":false,"footnotes":"","jetpack_publicize_message":"","jetpack_publicize_feature_enabled":true,"jetpack_social_post_already_shared":false,"jetpack_social_options":{"image_generator_settings":{"template":"highway","default_image_id":0,"enabled":false},"version":2}},"categories":[1,2,7,3],"tags":[2400,152,535,77,3414,399,118,13],"class_list":["post-6025","post","type-post","status-publish","format-standard","has-post-thumbnail","hentry","category-diario-armstrong","category-locales","category-politica","category-region","tag-avanzan","tag-cordoba","tag-cuencas","tag-fe","tag-interjurisdiccionales","tag-santa","tag-sobre","tag-y"],"jetpack_publicize_connections":[],"jetpack_featured_media_url":"https:\/\/armstrongyregion.com.ar\/diario\/wp-content\/uploads\/2016\/02\/facturas-apocrifas.jpg","jetpack_shortlink":"https:\/\/wp.me\/p62QDO-1zb","jetpack_sharing_enabled":true,"amp_enabled":true,"_links":{"self":[{"href":"https:\/\/armstrongyregion.com.ar\/diario\/wp-json\/wp\/v2\/posts\/6025","targetHints":{"allow":["GET"]}}],"collection":[{"href":"https:\/\/armstrongyregion.com.ar\/diario\/wp-json\/wp\/v2\/posts"}],"about":[{"href":"https:\/\/armstrongyregion.com.ar\/diario\/wp-json\/wp\/v2\/types\/post"}],"author":[{"embeddable":true,"href":"https:\/\/armstrongyregion.com.ar\/diario\/wp-json\/wp\/v2\/users\/2"}],"replies":[{"embeddable":true,"href":"https:\/\/armstrongyregion.com.ar\/diario\/wp-json\/wp\/v2\/comments?post=6025"}],"version-history":[{"count":0,"href":"https:\/\/armstrongyregion.com.ar\/diario\/wp-json\/wp\/v2\/posts\/6025\/revisions"}],"wp:featuredmedia":[{"embeddable":true,"href":"https:\/\/armstrongyregion.com.ar\/diario\/wp-json\/wp\/v2\/media\/6026"}],"wp:attachment":[{"href":"https:\/\/armstrongyregion.com.ar\/diario\/wp-json\/wp\/v2\/media?parent=6025"}],"wp:term":[{"taxonomy":"category","embeddable":true,"href":"https:\/\/armstrongyregion.com.ar\/diario\/wp-json\/wp\/v2\/categories?post=6025"},{"taxonomy":"post_tag","embeddable":true,"href":"https:\/\/armstrongyregion.com.ar\/diario\/wp-json\/wp\/v2\/tags?post=6025"}],"curies":[{"name":"wp","href":"https:\/\/api.w.org\/{rel}","templated":true}]}}