{"id":6022,"date":"2016-02-04T11:23:17","date_gmt":"2016-02-04T11:23:17","guid":{"rendered":"https:\/\/armstrongyregion.com.ar\/diario\/?p=6022"},"modified":"2016-02-04T11:23:17","modified_gmt":"2016-02-04T11:23:17","slug":"javier-meyer-hemos-detectado-irregularidades-muy-severas","status":"publish","type":"post","link":"https:\/\/armstrongyregion.com.ar\/diario\/javier-meyer-hemos-detectado-irregularidades-muy-severas\/","title":{"rendered":"Javier Meyer: \u00abHemos detectado irregularidades muy severas\u00bb."},"content":{"rendered":"<p><a href=\"http:\/\/armstrongyregion.com.ar\/diario\/wp-content\/uploads\/2016\/02\/javier-meyer.jpg\"><img loading=\"lazy\" decoding=\"async\" class=\"alignnone size-medium wp-image-6023\" src=\"http:\/\/armstrongyregion.com.ar\/diario\/wp-content\/uploads\/2016\/02\/javier-meyer-300x169.jpg\" alt=\"javier-meyer\" width=\"300\" height=\"169\" srcset=\"https:\/\/armstrongyregion.com.ar\/diario\/wp-content\/uploads\/2016\/02\/javier-meyer-300x169.jpg 300w, https:\/\/armstrongyregion.com.ar\/diario\/wp-content\/uploads\/2016\/02\/javier-meyer.jpg 768w\" sizes=\"auto, (max-width: 300px) 100vw, 300px\" \/><\/a>\u00abEl dictamen de auditor\u00eda es m\u00e1s amplio de lo que esper\u00e1bamos, se han registrado irregularidades en cuanto a las liquidaciones salariales, y en cuanto a la legalidad de muchos puntos no contemplados por el estatuto municipal, expres\u00f3 el intendente de Las Rosas.<br \/>\nDada la profundidad y gravedad de las palabras del jefe municipal, se recomienda escuchar el audio en forma completa. Es la manera de acceder sin intermediarios a lo que Javier Meyer ha comunicado esta ma\u00f1ana en Renacer Regional FM.<\/p>\n<p>De todas maneras se transcriben algunos conceptos:<br \/>\n&#8211; El dict\u00e1men de auditoria ha detectado irregularidades muy severas en cuanto a las liquidaciones salariales y su legalidad.<br \/>\n&#8211; La auditoria esta certificada por Consejo Profesional de Ciencias Econ\u00f3micas de Santa Fe, y con dictamen avalandola de parte de la Secretaria de Regiones, Municipios y Comunas.<br \/>\n&#8211; Esto nos ha puesto en una situaci\u00f3n muy dif\u00edcil porque el personal no es culpable de medidas irresponsables tomadas por funcionarios.<br \/>\n&#8211; La auditoria es de p\u00fablico conocimiento, y est\u00e1 a disposici\u00f3n de los profesionales que quieran actuar de oficio.<br \/>\n&#8211; Presentaremos esto ante FeSTraM, ante el Concejo Deliberante y ante los distintos espacios pol\u00edticos.<br \/>\n&#8211; Esta decisi\u00f3n no solo tiene una connotaci\u00f3n legal muy fuerte, sino que marca un precedente a nivel provincial.<br \/>\n&#8211; No hay di\u00e1logo en lo ilegal. Todo lo que est\u00e9 dentro de la ley es discutible. Lo ilegal est\u00e1 fuera de mis principios.<br \/>\n&#8211; Ya firm\u00e9 el decreto donde se revocan adicionales mal liquidados. Cualquiera podr\u00e1 recurrir a la justicia, pero tengo elementos que me impiden seguir liquidando los sueldos como se hac\u00edan.<br \/>\n&#8211; Estas medidas no son f\u00e1ciles de tomar. Estoy muy dolido porque afecta a personas con las cuales uno convive diariamente. El mal trago que pasaran algunos empleados no es mi culpa.<br \/>\nLas Rosas Digital.<\/p>\n","protected":false},"excerpt":{"rendered":"<p>\u00abEl dictamen de auditor\u00eda es m\u00e1s amplio de lo que esper\u00e1bamos, se han registrado irregularidades en cuanto a las liquidaciones salariales, y en cuanto a la legalidad de muchos puntos no contemplados por el estatuto municipal, expres\u00f3 el intendente de Las Rosas. Dada la profundidad y gravedad de las palabras del jefe municipal, se recomienda <a href=\"https:\/\/armstrongyregion.com.ar\/diario\/javier-meyer-hemos-detectado-irregularidades-muy-severas\/\" title=\"Read more\" >&#8230;<\/a><\/p>\n","protected":false},"author":2,"featured_media":6023,"comment_status":"open","ping_status":"open","sticky":false,"template":"","format":"standard","meta":{"_jetpack_memberships_contains_paid_content":false,"footnotes":"","jetpack_publicize_message":"","jetpack_publicize_feature_enabled":true,"jetpack_social_post_already_shared":false,"jetpack_social_options":{"image_generator_settings":{"template":"highway","default_image_id":0,"enabled":false},"version":2}},"categories":[1,7,3],"tags":[504,3412,3413,1565,1934],"class_list":["post-6022","post","type-post","status-publish","format-standard","has-post-thumbnail","hentry","category-diario-armstrong","category-politica","category-region","tag-hemos","tag-detectado","tag-irregularidades","tag-javier","tag-meyer"],"jetpack_publicize_connections":[],"jetpack_featured_media_url":"https:\/\/armstrongyregion.com.ar\/diario\/wp-content\/uploads\/2016\/02\/javier-meyer.jpg","jetpack_shortlink":"https:\/\/wp.me\/p62QDO-1z8","jetpack_sharing_enabled":true,"amp_enabled":true,"_links":{"self":[{"href":"https:\/\/armstrongyregion.com.ar\/diario\/wp-json\/wp\/v2\/posts\/6022","targetHints":{"allow":["GET"]}}],"collection":[{"href":"https:\/\/armstrongyregion.com.ar\/diario\/wp-json\/wp\/v2\/posts"}],"about":[{"href":"https:\/\/armstrongyregion.com.ar\/diario\/wp-json\/wp\/v2\/types\/post"}],"author":[{"embeddable":true,"href":"https:\/\/armstrongyregion.com.ar\/diario\/wp-json\/wp\/v2\/users\/2"}],"replies":[{"embeddable":true,"href":"https:\/\/armstrongyregion.com.ar\/diario\/wp-json\/wp\/v2\/comments?post=6022"}],"version-history":[{"count":0,"href":"https:\/\/armstrongyregion.com.ar\/diario\/wp-json\/wp\/v2\/posts\/6022\/revisions"}],"wp:featuredmedia":[{"embeddable":true,"href":"https:\/\/armstrongyregion.com.ar\/diario\/wp-json\/wp\/v2\/media\/6023"}],"wp:attachment":[{"href":"https:\/\/armstrongyregion.com.ar\/diario\/wp-json\/wp\/v2\/media?parent=6022"}],"wp:term":[{"taxonomy":"category","embeddable":true,"href":"https:\/\/armstrongyregion.com.ar\/diario\/wp-json\/wp\/v2\/categories?post=6022"},{"taxonomy":"post_tag","embeddable":true,"href":"https:\/\/armstrongyregion.com.ar\/diario\/wp-json\/wp\/v2\/tags?post=6022"}],"curies":[{"name":"wp","href":"https:\/\/api.w.org\/{rel}","templated":true}]}}