{"id":6016,"date":"2016-02-04T11:05:24","date_gmt":"2016-02-04T11:05:24","guid":{"rendered":"https:\/\/armstrongyregion.com.ar\/diario\/?p=6016"},"modified":"2016-02-04T11:05:24","modified_gmt":"2016-02-04T11:05:24","slug":"canada-de-gomez-municipio-policia-y-productores-buscan-medidas-conjuntas-por-seguridad","status":"publish","type":"post","link":"https:\/\/armstrongyregion.com.ar\/diario\/canada-de-gomez-municipio-policia-y-productores-buscan-medidas-conjuntas-por-seguridad\/","title":{"rendered":"Ca\u00f1ada de G\u00f3mez. Municipio, polic\u00eda y productores buscan medidas conjuntas por seguridad."},"content":{"rendered":"<p><a href=\"http:\/\/armstrongyregion.com.ar\/diario\/wp-content\/uploads\/2016\/02\/Clerici-.jpg\"><img loading=\"lazy\" decoding=\"async\" class=\"alignnone size-medium wp-image-6017\" src=\"http:\/\/armstrongyregion.com.ar\/diario\/wp-content\/uploads\/2016\/02\/Clerici--300x200.jpg\" alt=\"Clerici-\" width=\"300\" height=\"200\" srcset=\"https:\/\/armstrongyregion.com.ar\/diario\/wp-content\/uploads\/2016\/02\/Clerici--300x200.jpg 300w, https:\/\/armstrongyregion.com.ar\/diario\/wp-content\/uploads\/2016\/02\/Clerici-.jpg 768w\" sizes=\"auto, (max-width: 300px) 100vw, 300px\" \/><\/a>A partir de los \u00faltimos acontecimientos las distintas partes se<br \/>\nreunieron en el despacho municipal para coordinar trabajo conjunto y de<br \/>\nprevenci\u00f3n.<\/p>\n<p>La intendenta Stella Cl\u00e9rici y la presidenta del Concejo Municipal<br \/>\njunto a productores agropecuarios de nuestra ciudad recibieron a<br \/>\nautoridades de la Unidad Regional X de Polic\u00eda y de la Guardia Rural<br \/>\npara buscar medidas conjuntas por la seguridad en zona rural.<br \/>\nTanto el Jefe de la Secci\u00f3n Rural n\u00ba X Rodrigo Pallavidini y el jefe de<br \/>\nla URX de polic\u00eda Roberto Ben\u00edtez manifestaron su compromiso al<br \/>\ncoordinador de Seguridad Ciudadana Luis Leiva de intensificar el trabajo<br \/>\nde prevenci\u00f3n, a trav\u00e9s de mayores patrullajes y un trabajo coordinado<br \/>\nentre las fuerzas de seguridad.<br \/>\nPor su parte, Cl\u00e9rici expres\u00f3 \u201cdesde el municipio reforzaremos con<br \/>\noperativos en los ingresos de la ciudad con inspectores de transito y<br \/>\npersonal polic\u00eda como se viene realizando\u201d. As\u00ed mismo se realizar\u00e1<br \/>\nfolleter\u00eda con medidas preventivas y protocolo de actuaci\u00f3n para los<br \/>\nproductores.<br \/>\n\u201cDesde el Concejo Municipal impulsaremos el pedido de mayores recursos<br \/>\nal Ministerio de Seguridad Provincial y al senador departamental, para<br \/>\nque polic\u00eda y Guardia Rural cuenten con el equipamiento y personal<br \/>\nnecesario para realizar su trabajo\u201d, concluy\u00f3 Mozzoni.<\/p>\n","protected":false},"excerpt":{"rendered":"<p>A partir de los \u00faltimos acontecimientos las distintas partes se reunieron en el despacho municipal para coordinar trabajo conjunto y de prevenci\u00f3n. La intendenta Stella Cl\u00e9rici y la presidenta del Concejo Municipal junto a productores agropecuarios de nuestra ciudad recibieron a autoridades de la Unidad Regional X de Polic\u00eda y de la Guardia Rural para <a href=\"https:\/\/armstrongyregion.com.ar\/diario\/canada-de-gomez-municipio-policia-y-productores-buscan-medidas-conjuntas-por-seguridad\/\" title=\"Read more\" >&#8230;<\/a><\/p>\n","protected":false},"author":2,"featured_media":6017,"comment_status":"open","ping_status":"open","sticky":false,"template":"","format":"standard","meta":{"_jetpack_memberships_contains_paid_content":false,"footnotes":"","jetpack_publicize_message":"","jetpack_publicize_feature_enabled":true,"jetpack_social_post_already_shared":false,"jetpack_social_options":{"image_generator_settings":{"template":"highway","default_image_id":0,"enabled":false},"version":2}},"categories":[1,2852,7,3],"tags":[163,19,164,217,146,536],"class_list":["post-6016","post","type-post","status-publish","format-standard","has-post-thumbnail","hentry","category-diario-armstrong","category-policiales","category-politica","category-region","tag-canada","tag-de","tag-gomez","tag-municipio","tag-policia","tag-productores"],"jetpack_publicize_connections":[],"jetpack_featured_media_url":"https:\/\/armstrongyregion.com.ar\/diario\/wp-content\/uploads\/2016\/02\/Clerici-.jpg","jetpack_shortlink":"https:\/\/wp.me\/p62QDO-1z2","jetpack_sharing_enabled":true,"amp_enabled":true,"_links":{"self":[{"href":"https:\/\/armstrongyregion.com.ar\/diario\/wp-json\/wp\/v2\/posts\/6016","targetHints":{"allow":["GET"]}}],"collection":[{"href":"https:\/\/armstrongyregion.com.ar\/diario\/wp-json\/wp\/v2\/posts"}],"about":[{"href":"https:\/\/armstrongyregion.com.ar\/diario\/wp-json\/wp\/v2\/types\/post"}],"author":[{"embeddable":true,"href":"https:\/\/armstrongyregion.com.ar\/diario\/wp-json\/wp\/v2\/users\/2"}],"replies":[{"embeddable":true,"href":"https:\/\/armstrongyregion.com.ar\/diario\/wp-json\/wp\/v2\/comments?post=6016"}],"version-history":[{"count":0,"href":"https:\/\/armstrongyregion.com.ar\/diario\/wp-json\/wp\/v2\/posts\/6016\/revisions"}],"wp:featuredmedia":[{"embeddable":true,"href":"https:\/\/armstrongyregion.com.ar\/diario\/wp-json\/wp\/v2\/media\/6017"}],"wp:attachment":[{"href":"https:\/\/armstrongyregion.com.ar\/diario\/wp-json\/wp\/v2\/media?parent=6016"}],"wp:term":[{"taxonomy":"category","embeddable":true,"href":"https:\/\/armstrongyregion.com.ar\/diario\/wp-json\/wp\/v2\/categories?post=6016"},{"taxonomy":"post_tag","embeddable":true,"href":"https:\/\/armstrongyregion.com.ar\/diario\/wp-json\/wp\/v2\/tags?post=6016"}],"curies":[{"name":"wp","href":"https:\/\/api.w.org\/{rel}","templated":true}]}}