{"id":6001,"date":"2016-02-02T16:09:21","date_gmt":"2016-02-02T16:09:21","guid":{"rendered":"https:\/\/armstrongyregion.com.ar\/diario\/?p=6001"},"modified":"2016-02-02T16:09:21","modified_gmt":"2016-02-02T16:09:21","slug":"canada-de-gomez-el-mac-convoca-a-artistas","status":"publish","type":"post","link":"https:\/\/armstrongyregion.com.ar\/diario\/canada-de-gomez-el-mac-convoca-a-artistas\/","title":{"rendered":"Ca\u00f1ada de G\u00f3mez. El Mac convoca a artistas."},"content":{"rendered":"<p><a href=\"http:\/\/armstrongyregion.com.ar\/diario\/wp-content\/uploads\/2016\/02\/MAC.jpg\"><img loading=\"lazy\" decoding=\"async\" class=\"alignnone size-medium wp-image-6002\" src=\"http:\/\/armstrongyregion.com.ar\/diario\/wp-content\/uploads\/2016\/02\/MAC-300x168.jpg\" alt=\"MAC\" width=\"300\" height=\"168\" srcset=\"https:\/\/armstrongyregion.com.ar\/diario\/wp-content\/uploads\/2016\/02\/MAC-300x168.jpg 300w, https:\/\/armstrongyregion.com.ar\/diario\/wp-content\/uploads\/2016\/02\/MAC.jpg 768w\" sizes=\"auto, (max-width: 300px) 100vw, 300px\" \/><\/a>El Museo de Arte Ca\u00f1adense ya trabaja en la programaci\u00f3n de la temporada 2016 luego de que un centenar de artistas expusieran sus<br \/>\ntrabajos el a\u00f1o pasado.<\/p>\n<p>Durante el transcurso del 2015 el Museo de Arte Ca\u00f1adense abri\u00f3 sus puertas a m\u00e1s de un centenar de artistas de la ciudad y la regi\u00f3n para<br \/>\nque presentaran sus trabajos y continuar haciendo de este espacio un<br \/>\nlugar que pone el arte al alcance de todos.<br \/>\nTeniendo en cuenta el inicio de la temporada 2016, la Municipalidad de<br \/>\nCa\u00f1ada de G\u00f3mez convoca a aquellos que quieran a participar de las<br \/>\nactividades programadas durante este ciclo y exponer sus trabajos en el<br \/>\nMuseo. Los interesados pueden contactarse v\u00eda mail hasta el pr\u00f3ximo 15<br \/>\nde marzo a museodeartecdg@gmail.com.<br \/>\n\u201cDesde el MAC hemos realizados actividades l\u00fadicas para que los chicos<br \/>\ndescubran lo lindo que es el arte y para este a\u00f1o queremos proyectar<br \/>\ndiferentes iniciativas junto a los artistas que hacen uso de este<br \/>\nespacio\u201d, expresaron las autoridades.<\/p>\n","protected":false},"excerpt":{"rendered":"<p>El Museo de Arte Ca\u00f1adense ya trabaja en la programaci\u00f3n de la temporada 2016 luego de que un centenar de artistas expusieran sus trabajos el a\u00f1o pasado. Durante el transcurso del 2015 el Museo de Arte Ca\u00f1adense abri\u00f3 sus puertas a m\u00e1s de un centenar de artistas de la ciudad y la regi\u00f3n para que <a href=\"https:\/\/armstrongyregion.com.ar\/diario\/canada-de-gomez-el-mac-convoca-a-artistas\/\" title=\"Read more\" >&#8230;<\/a><\/p>\n","protected":false},"author":2,"featured_media":6002,"comment_status":"open","ping_status":"open","sticky":false,"template":"","format":"standard","meta":{"_jetpack_memberships_contains_paid_content":false,"footnotes":"","jetpack_publicize_message":"","jetpack_publicize_feature_enabled":true,"jetpack_social_post_already_shared":false,"jetpack_social_options":{"image_generator_settings":{"template":"highway","default_image_id":0,"enabled":false},"version":2}},"categories":[6,1,3],"tags":[33,3405,1145,1913],"class_list":["post-6001","post","type-post","status-publish","format-standard","has-post-thumbnail","hentry","category-cultura-entretenimiento","category-diario-armstrong","category-region","tag-a","tag-artistas","tag-convoca","tag-mac"],"jetpack_publicize_connections":[],"jetpack_featured_media_url":"https:\/\/armstrongyregion.com.ar\/diario\/wp-content\/uploads\/2016\/02\/MAC.jpg","jetpack_shortlink":"https:\/\/wp.me\/p62QDO-1yN","jetpack_sharing_enabled":true,"amp_enabled":true,"_links":{"self":[{"href":"https:\/\/armstrongyregion.com.ar\/diario\/wp-json\/wp\/v2\/posts\/6001","targetHints":{"allow":["GET"]}}],"collection":[{"href":"https:\/\/armstrongyregion.com.ar\/diario\/wp-json\/wp\/v2\/posts"}],"about":[{"href":"https:\/\/armstrongyregion.com.ar\/diario\/wp-json\/wp\/v2\/types\/post"}],"author":[{"embeddable":true,"href":"https:\/\/armstrongyregion.com.ar\/diario\/wp-json\/wp\/v2\/users\/2"}],"replies":[{"embeddable":true,"href":"https:\/\/armstrongyregion.com.ar\/diario\/wp-json\/wp\/v2\/comments?post=6001"}],"version-history":[{"count":0,"href":"https:\/\/armstrongyregion.com.ar\/diario\/wp-json\/wp\/v2\/posts\/6001\/revisions"}],"wp:featuredmedia":[{"embeddable":true,"href":"https:\/\/armstrongyregion.com.ar\/diario\/wp-json\/wp\/v2\/media\/6002"}],"wp:attachment":[{"href":"https:\/\/armstrongyregion.com.ar\/diario\/wp-json\/wp\/v2\/media?parent=6001"}],"wp:term":[{"taxonomy":"category","embeddable":true,"href":"https:\/\/armstrongyregion.com.ar\/diario\/wp-json\/wp\/v2\/categories?post=6001"},{"taxonomy":"post_tag","embeddable":true,"href":"https:\/\/armstrongyregion.com.ar\/diario\/wp-json\/wp\/v2\/tags?post=6001"}],"curies":[{"name":"wp","href":"https:\/\/api.w.org\/{rel}","templated":true}]}}