{"id":5969,"date":"2016-02-01T01:55:31","date_gmt":"2016-02-01T01:55:31","guid":{"rendered":"https:\/\/armstrongyregion.com.ar\/diario\/?p=5969"},"modified":"2016-02-01T01:55:31","modified_gmt":"2016-02-01T01:55:31","slug":"compagnucci-se-reunio-con-el-ministro-de-salud-de-la-provincia-miguel-gonzalez","status":"publish","type":"post","link":"https:\/\/armstrongyregion.com.ar\/diario\/compagnucci-se-reunio-con-el-ministro-de-salud-de-la-provincia-miguel-gonzalez\/","title":{"rendered":"Compagnucci se reuni\u00f3 con el Ministro de Salud de la Provincia Miguel Gonz\u00e1lez."},"content":{"rendered":"<p><a href=\"http:\/\/armstrongyregion.com.ar\/diario\/wp-content\/uploads\/2016\/02\/horacio-Compagnucci-.jpg\"><img loading=\"lazy\" decoding=\"async\" class=\"alignnone size-medium wp-image-5970\" src=\"http:\/\/armstrongyregion.com.ar\/diario\/wp-content\/uploads\/2016\/02\/horacio-Compagnucci--300x180.jpg\" alt=\"horacio-Compagnucci-\" width=\"300\" height=\"180\" srcset=\"https:\/\/armstrongyregion.com.ar\/diario\/wp-content\/uploads\/2016\/02\/horacio-Compagnucci--300x180.jpg 300w, https:\/\/armstrongyregion.com.ar\/diario\/wp-content\/uploads\/2016\/02\/horacio-Compagnucci-.jpg 768w\" sizes=\"auto, (max-width: 300px) 100vw, 300px\" \/><\/a>El d\u00eda jueves en la Delegaci\u00f3n del Ministerio de Salud de la Provincia en Rosario el Intendente Horacio Compagnucci participo de una reuni\u00f3n con el Ministro de Salud Bioq. Miguel Gonz\u00e1lez el motivo de la misma fue para abordar el servicio que presta actualmente el SAMCO de nuestra ciudad y como se encuentra financieramente, adem\u00e1s se priorizo aunar esfuerzos para poder mejorar la calidad de salud en el sector p\u00fablico, en donde el Ministro mostro una gran predisposici\u00f3n para trabajar conjuntamente.<br \/>\nEl Intendente Compagnucci indico \u201cfue muy positiva la reuni\u00f3n con el Ministro de Salud de la Provincia, ya que se hizo hincapi\u00e9 en la recategorizaci\u00f3n del Samco para que pase a ser Hospital, es una gesti\u00f3n que estamos llevando adelante entre el municipio, el ente, directivos del Samco y ambos bloques del Concejo Municipal, ademas dicho ente cuenta con el apoyo incondicional de la Municipalidad para llegar a conseguir la tan ansiada recategorizaci\u00f3n, tambi\u00e9n llevamos adelante nuestro pedido para se ponga en funcionamiento la \u201cSala de Maternidad\u201d, para eso necesitamos de la decisi\u00f3n pol\u00edtica del Ministerio y de los nombramientos ya que este sector est\u00e1 totalmente equipado y posee una gran moderna infraestructura para su funcionamiento\u00bb.<br \/>\nParticiparon de la reuni\u00f3n con el Ministro de Salud, el Diputado Provincial Miguel Solis, Guillermo Cornaglia Senador Provincial, la Presidente del Concejo M\u00f3nica Nobile, la Concejal Sandra Clerici, el Presidente del Ente Rub\u00e9n Mari, miembros de la Comisi\u00f3n del Ente Eugenio Ibarguen y Rodolfo Colombo.<\/p>\n","protected":false},"excerpt":{"rendered":"<p>El d\u00eda jueves en la Delegaci\u00f3n del Ministerio de Salud de la Provincia en Rosario el Intendente Horacio Compagnucci participo de una reuni\u00f3n con el Ministro de Salud Bioq. Miguel Gonz\u00e1lez el motivo de la misma fue para abordar el servicio que presta actualmente el SAMCO de nuestra ciudad y como se encuentra financieramente, adem\u00e1s <a href=\"https:\/\/armstrongyregion.com.ar\/diario\/compagnucci-se-reunio-con-el-ministro-de-salud-de-la-provincia-miguel-gonzalez\/\" title=\"Read more\" >&#8230;<\/a><\/p>\n","protected":false},"author":2,"featured_media":5970,"comment_status":"open","ping_status":"open","sticky":false,"template":"","format":"standard","meta":{"_jetpack_memberships_contains_paid_content":false,"footnotes":"","jetpack_publicize_message":"","jetpack_publicize_feature_enabled":true,"jetpack_social_post_already_shared":false,"jetpack_social_options":{"image_generator_settings":{"template":"highway","default_image_id":0,"enabled":false},"version":2}},"categories":[1,3],"tags":[942,100,19,1189,343,1190,86],"class_list":["post-5969","post","type-post","status-publish","format-standard","has-post-thumbnail","hentry","category-diario-armstrong","category-region","tag-compagnucci","tag-con","tag-de","tag-ministro","tag-reunio","tag-salud","tag-se"],"jetpack_publicize_connections":[],"jetpack_featured_media_url":"https:\/\/armstrongyregion.com.ar\/diario\/wp-content\/uploads\/2016\/02\/horacio-Compagnucci-.jpg","jetpack_shortlink":"https:\/\/wp.me\/p62QDO-1yh","jetpack_sharing_enabled":true,"amp_enabled":true,"_links":{"self":[{"href":"https:\/\/armstrongyregion.com.ar\/diario\/wp-json\/wp\/v2\/posts\/5969","targetHints":{"allow":["GET"]}}],"collection":[{"href":"https:\/\/armstrongyregion.com.ar\/diario\/wp-json\/wp\/v2\/posts"}],"about":[{"href":"https:\/\/armstrongyregion.com.ar\/diario\/wp-json\/wp\/v2\/types\/post"}],"author":[{"embeddable":true,"href":"https:\/\/armstrongyregion.com.ar\/diario\/wp-json\/wp\/v2\/users\/2"}],"replies":[{"embeddable":true,"href":"https:\/\/armstrongyregion.com.ar\/diario\/wp-json\/wp\/v2\/comments?post=5969"}],"version-history":[{"count":0,"href":"https:\/\/armstrongyregion.com.ar\/diario\/wp-json\/wp\/v2\/posts\/5969\/revisions"}],"wp:featuredmedia":[{"embeddable":true,"href":"https:\/\/armstrongyregion.com.ar\/diario\/wp-json\/wp\/v2\/media\/5970"}],"wp:attachment":[{"href":"https:\/\/armstrongyregion.com.ar\/diario\/wp-json\/wp\/v2\/media?parent=5969"}],"wp:term":[{"taxonomy":"category","embeddable":true,"href":"https:\/\/armstrongyregion.com.ar\/diario\/wp-json\/wp\/v2\/categories?post=5969"},{"taxonomy":"post_tag","embeddable":true,"href":"https:\/\/armstrongyregion.com.ar\/diario\/wp-json\/wp\/v2\/tags?post=5969"}],"curies":[{"name":"wp","href":"https:\/\/api.w.org\/{rel}","templated":true}]}}