{"id":5957,"date":"2016-01-29T04:36:51","date_gmt":"2016-01-29T04:36:51","guid":{"rendered":"https:\/\/armstrongyregion.com.ar\/diario\/?p=5957"},"modified":"2016-01-29T04:36:51","modified_gmt":"2016-01-29T04:36:51","slug":"emiliano-gramigna-solicito-al-ejecutivo-evalue-la-posibilidad-de-fumigar-contra-mosquitos","status":"publish","type":"post","link":"https:\/\/armstrongyregion.com.ar\/diario\/emiliano-gramigna-solicito-al-ejecutivo-evalue-la-posibilidad-de-fumigar-contra-mosquitos\/","title":{"rendered":"Emiliano Gramigna solicit\u00f3 al ejecutivo eval\u00fae la posibilidad de fumigar contra mosquitos."},"content":{"rendered":"<p><a href=\"http:\/\/armstrongyregion.com.ar\/diario\/wp-content\/uploads\/2016\/01\/Emiliano-Gramigna-Concejal-.jpg\"><img loading=\"lazy\" decoding=\"async\" class=\"alignnone size-medium wp-image-5958\" src=\"http:\/\/armstrongyregion.com.ar\/diario\/wp-content\/uploads\/2016\/01\/Emiliano-Gramigna-Concejal--300x218.jpg\" alt=\"Emiliano-Gramigna-Concejal-\" width=\"300\" height=\"218\" srcset=\"https:\/\/armstrongyregion.com.ar\/diario\/wp-content\/uploads\/2016\/01\/Emiliano-Gramigna-Concejal--300x218.jpg 300w, https:\/\/armstrongyregion.com.ar\/diario\/wp-content\/uploads\/2016\/01\/Emiliano-Gramigna-Concejal-.jpg 768w\" sizes=\"auto, (max-width: 300px) 100vw, 300px\" \/><\/a>En la ma\u00f1ana del jueves 28 de febrero, el concejal Emiliano Gramigna, del bloque Frente Renovaci\u00f3n por Armstrong, hizo entrega de una nota al Intendente Pablo Verdecchia solicitando se eval\u00fae la posibilidad de realizar fumigaciones en lugares p\u00fablicos contra mosquitos debido al gran crecimiento de casos de Dengue en toda la Provincia y en el Pa\u00eds.<br \/>\nEl concejal expres\u00f3 que, \u201cM\u00e1s all\u00e1 de la campa\u00f1a de concientizaci\u00f3n, necesitamos adoptar medidas concretas para erradicar esta posible epidemia\u201d&#8230;<\/p>\n<p>Sr. Intendente Municipal<br \/>\nDr. Pablo Verdecchia<br \/>\nSu despacho<br \/>\nDe mi mayor consideraci\u00f3n:<br \/>\nPor medio de la presente, me dirijo a usted en su car\u00e1cter de Intendente Municipal y a la secretaria que corresponda a fin de solicitar se tenga en consideraci\u00f3n evaluar la factibilidad de realizar fumigaciones contra los mosquitos debido a la gran cantidad de casos de DENGUE que hay en la provincia de Santa Fe y en el pa\u00eds, haciendo \u00e9nfasis en lugares de concurrencia publica como plazas, parque y paseos.<br \/>\nA pesar de las campa\u00f1as de concientizaci\u00f3n sobre la prevenci\u00f3n de la proliferaci\u00f3n de la larva de mosquitos se deben tomar medidas concretas para erradicar esa posible epidemia.<br \/>\nSin otro particular, lo saluda muy atte.<br \/>\nEmiliano Gramigna .<br \/>\nConcejal.<\/p>\n","protected":false},"excerpt":{"rendered":"<p>En la ma\u00f1ana del jueves 28 de febrero, el concejal Emiliano Gramigna, del bloque Frente Renovaci\u00f3n por Armstrong, hizo entrega de una nota al Intendente Pablo Verdecchia solicitando se eval\u00fae la posibilidad de realizar fumigaciones en lugares p\u00fablicos contra mosquitos debido al gran crecimiento de casos de Dengue en toda la Provincia y en el <a href=\"https:\/\/armstrongyregion.com.ar\/diario\/emiliano-gramigna-solicito-al-ejecutivo-evalue-la-posibilidad-de-fumigar-contra-mosquitos\/\" title=\"Read more\" >&#8230;<\/a><\/p>\n","protected":false},"author":2,"featured_media":5958,"comment_status":"open","ping_status":"open","sticky":false,"template":"","format":"standard","meta":{"_jetpack_memberships_contains_paid_content":false,"footnotes":"","jetpack_publicize_message":"","jetpack_publicize_feature_enabled":true,"jetpack_social_post_already_shared":false,"jetpack_social_options":{"image_generator_settings":{"template":"highway","default_image_id":0,"enabled":false},"version":2}},"categories":[1,2,7,4,3],"tags":[179,1161,357,141,3395,979,3396,2732],"class_list":["post-5957","post","type-post","status-publish","format-standard","has-post-thumbnail","hentry","category-diario-armstrong","category-locales","category-politica","category-prevencion-salud","category-region","tag-al","tag-contra","tag-ejecutivo","tag-emiliano","tag-fumigar","tag-gramigna","tag-mosquitos","tag-solicito"],"jetpack_publicize_connections":[],"jetpack_featured_media_url":"https:\/\/armstrongyregion.com.ar\/diario\/wp-content\/uploads\/2016\/01\/Emiliano-Gramigna-Concejal-.jpg","jetpack_shortlink":"https:\/\/wp.me\/p62QDO-1y5","jetpack_sharing_enabled":true,"amp_enabled":true,"_links":{"self":[{"href":"https:\/\/armstrongyregion.com.ar\/diario\/wp-json\/wp\/v2\/posts\/5957","targetHints":{"allow":["GET"]}}],"collection":[{"href":"https:\/\/armstrongyregion.com.ar\/diario\/wp-json\/wp\/v2\/posts"}],"about":[{"href":"https:\/\/armstrongyregion.com.ar\/diario\/wp-json\/wp\/v2\/types\/post"}],"author":[{"embeddable":true,"href":"https:\/\/armstrongyregion.com.ar\/diario\/wp-json\/wp\/v2\/users\/2"}],"replies":[{"embeddable":true,"href":"https:\/\/armstrongyregion.com.ar\/diario\/wp-json\/wp\/v2\/comments?post=5957"}],"version-history":[{"count":0,"href":"https:\/\/armstrongyregion.com.ar\/diario\/wp-json\/wp\/v2\/posts\/5957\/revisions"}],"wp:featuredmedia":[{"embeddable":true,"href":"https:\/\/armstrongyregion.com.ar\/diario\/wp-json\/wp\/v2\/media\/5958"}],"wp:attachment":[{"href":"https:\/\/armstrongyregion.com.ar\/diario\/wp-json\/wp\/v2\/media?parent=5957"}],"wp:term":[{"taxonomy":"category","embeddable":true,"href":"https:\/\/armstrongyregion.com.ar\/diario\/wp-json\/wp\/v2\/categories?post=5957"},{"taxonomy":"post_tag","embeddable":true,"href":"https:\/\/armstrongyregion.com.ar\/diario\/wp-json\/wp\/v2\/tags?post=5957"}],"curies":[{"name":"wp","href":"https:\/\/api.w.org\/{rel}","templated":true}]}}